{"id":8471,"date":"2018-07-19T04:20:56","date_gmt":"2018-07-19T02:20:56","guid":{"rendered":"http:\/\/www.rosanerosiamonoi.it\/palermocalcio\/?p=8471"},"modified":"2018-07-19T10:16:51","modified_gmt":"2018-07-19T08:16:51","slug":"in-memoria-di-un-grande-uomo-con-me-la-sua-ultima-intervista","status":"publish","type":"post","link":"http:\/\/www.rosanerosiamonoi.it\/palermocalcio\/2018\/07\/19\/in-memoria-di-un-grande-uomo-con-me-la-sua-ultima-intervista\/","title":{"rendered":"In memoria di un grande uomo &#8230;. con me la sua ultima intervista &#8230;"},"content":{"rendered":"<p><a href=\"http:\/\/www.rosanerosiamonoi.it\/palermocalcio\/2018\/07\/19\/in-memoria-di-un-grande-uomo-con-me-la-sua-ultima-intervista\/borsellino\/\" rel=\"attachment wp-att-8472\"><img decoding=\"async\" loading=\"lazy\" class=\"aligncenter size-medium wp-image-8472\" src=\"http:\/\/www.rosanerosiamonoi.it\/palermocalcio\/wp-content\/uploads\/2018\/07\/borsellino-520x520.jpg\" alt=\"borsellino\" width=\"520\" height=\"520\" srcset=\"http:\/\/www.rosanerosiamonoi.it\/palermocalcio\/wp-content\/uploads\/2018\/07\/borsellino-520x520.jpg 520w, http:\/\/www.rosanerosiamonoi.it\/palermocalcio\/wp-content\/uploads\/2018\/07\/borsellino-150x150.jpg 150w, http:\/\/www.rosanerosiamonoi.it\/palermocalcio\/wp-content\/uploads\/2018\/07\/borsellino-768x768.jpg 768w, http:\/\/www.rosanerosiamonoi.it\/palermocalcio\/wp-content\/uploads\/2018\/07\/borsellino-1024x1024.jpg 1024w, http:\/\/www.rosanerosiamonoi.it\/palermocalcio\/wp-content\/uploads\/2018\/07\/borsellino-100x100.jpg 100w, http:\/\/www.rosanerosiamonoi.it\/palermocalcio\/wp-content\/uploads\/2018\/07\/borsellino-200x200.jpg 200w, http:\/\/www.rosanerosiamonoi.it\/palermocalcio\/wp-content\/uploads\/2018\/07\/borsellino-50x50.jpg 50w, http:\/\/www.rosanerosiamonoi.it\/palermocalcio\/wp-content\/uploads\/2018\/07\/borsellino-300x300.jpg 300w, http:\/\/www.rosanerosiamonoi.it\/palermocalcio\/wp-content\/uploads\/2018\/07\/borsellino-144x144.jpg 144w, http:\/\/www.rosanerosiamonoi.it\/palermocalcio\/wp-content\/uploads\/2018\/07\/borsellino.jpg 1200w\" sizes=\"(max-width: 520px) 100vw, 520px\" \/><\/a><\/p>\n<p style=\"text-align: center;\">&#8230; anche il Palermo ha voluto ricordare Paolo Borsellino.<\/p>\n<p style=\"text-align: center;\">Ventisei anni dopo la strage di via D&#8217;Amelio, la Societ\u00e0 rosanero ricorda il giudice Paolo Borsellino\u00a0e gli agenti di scorta Agostino Catalano, Walter Eddie Cosina, Emanuela Loi, Claudio Traina e Vincenzo Li Muli.<\/p>\n<p><a href=\"http:\/\/www.rosanerosiamonoi.it\/palermocalcio\/2018\/07\/19\/in-memoria-di-un-grande-uomo-con-me-la-sua-ultima-intervista\/borsellino-veglia-via-damelio\/\" rel=\"attachment wp-att-8473\"><img decoding=\"async\" loading=\"lazy\" class=\"aligncenter size-medium wp-image-8473\" src=\"http:\/\/www.rosanerosiamonoi.it\/palermocalcio\/wp-content\/uploads\/2018\/07\/Borsellino-veglia-via-Damelio-520x390.jpg\" alt=\"borsellino-veglia-via-damelio\" width=\"520\" height=\"390\" srcset=\"http:\/\/www.rosanerosiamonoi.it\/palermocalcio\/wp-content\/uploads\/2018\/07\/Borsellino-veglia-via-Damelio-520x390.jpg 520w, http:\/\/www.rosanerosiamonoi.it\/palermocalcio\/wp-content\/uploads\/2018\/07\/Borsellino-veglia-via-Damelio-768x576.jpg 768w, http:\/\/www.rosanerosiamonoi.it\/palermocalcio\/wp-content\/uploads\/2018\/07\/Borsellino-veglia-via-Damelio-1024x768.jpg 1024w, http:\/\/www.rosanerosiamonoi.it\/palermocalcio\/wp-content\/uploads\/2018\/07\/Borsellino-veglia-via-Damelio-300x225.jpg 300w, http:\/\/www.rosanerosiamonoi.it\/palermocalcio\/wp-content\/uploads\/2018\/07\/Borsellino-veglia-via-Damelio.jpg 1200w\" sizes=\"(max-width: 520px) 100vw, 520px\" \/><\/a><\/p>\n<p style=\"text-align: center;\">Veglia degli scouts in via D\u2019Amelio. Albero della pace. In memoria della strage del 19 luglio 1992<\/p>\n<p style=\"text-align: center;\"><span class=\"f\">\u00a0<\/span>Era il\u00a0<em>19 luglio 1992<\/em>\u00a0quando la mafia uccise il giudice Paolo Borsellino e la sua scorta facendoli saltare in aria\u00a0in via D&#8217;Amelio.<\/p>\n<p style=\"text-align: center;\"><a href=\"http:\/\/www.rosanerosiamonoi.it\/palermocalcio\/2018\/07\/19\/in-memoria-di-un-grande-uomo-con-me-la-sua-ultima-intervista\/borsellinostrage2\/\" rel=\"attachment wp-att-8478\"><img decoding=\"async\" loading=\"lazy\" class=\"aligncenter size-full wp-image-8478\" src=\"http:\/\/www.rosanerosiamonoi.it\/palermocalcio\/wp-content\/uploads\/2018\/07\/Borsellinostrage2.jpg\" alt=\"borsellinostrage2\" width=\"500\" height=\"341\" srcset=\"http:\/\/www.rosanerosiamonoi.it\/palermocalcio\/wp-content\/uploads\/2018\/07\/Borsellinostrage2.jpg 500w, http:\/\/www.rosanerosiamonoi.it\/palermocalcio\/wp-content\/uploads\/2018\/07\/Borsellinostrage2-300x205.jpg 300w\" sizes=\"(max-width: 500px) 100vw, 500px\" \/><\/a><\/p>\n<p style=\"text-align: justify;\">Onore e rispetto a lui che abbiamo auto l&#8217;onore di conoscere e con il quale abbiamo fatto la sua ultima e\u00a0lunga intervista in cui ripercorremo molti passaggi della sua vita da quando bambino giocava con Giovanni Falcone con cui avevano un anno di differenza\u00a0ed erano dello stesso quartiere, quello della Kalsa e come molti ragazzini frequentavano il campetto dell&#8217;oratorio, quello della parrocchia di San Francesco d&#8217;Assisi dove appunto giocavano insieme a quelli che poi scegliendo strade diverse sarebbero poi diventati magistrati\u00a0od imputati.<\/p>\n<p style=\"text-align: justify;\">Questa intervista avvenne solo pochi giorni prima in una Chiesa all&#8217;Arenella e forse fu il suo testamento e l&#8217;ultima intervista pubblica e\u00a0quella sera avvenne, oggi lo racconto, una cosa strana perch\u00e8 quando gli chiesi se potevamo farla mi\u00a0rispose domandandomi se potevamo rimandarla a qualche giorno dopo &#8230;. naturalmente , anche se dispiaciuto di doverla rimandare ma, comprendendo visto che era arrivata la sera, che fosse pure normale desiderare rientrare a casa , e visti i nostri ottimi rapporti dissi che andava bene e che lo avrei chiamato per mettermi d&#8217;accordo in base alle sue disponibili\u00e0 su luogo ed orario dove vederci e farla&#8230;. cos\u00ec ci salutammo\u00a0 &#8230; ma arrivato sull&#8217;uscio della chiesa si ferm\u00f2, quasi sentisse\u00a0che non l&#8217;avremmo mai pi\u00f9 potuta fare, torn\u00f2 indietro e mi disse: &#8220;Mario ci ho ripensato \u00e8 meglio se la facciamo adesso &#8230;.&#8221; .<\/p>\n<p style=\"text-align: justify;\">E fu cos\u00ec che facemmo questa intervista, in una stanza della canonica senza molta luce,\u00a0 che come mio solito in realt\u00e0\u00a0fu un chiacchierata fra amici ripercorrendo la sua vita fino a quel momento &#8230; un&#8217;intervista che tutti definirono bellissima in cui emergeva l&#8217;umanit\u00e0 e la determinazione di Paolo e la consapevolezza del ruolo che stava svolgendo ma cercando di vivere la vita senza fare pesare a nessuno il rischio di una vita sotto scorta.<\/p>\n<p style=\"text-align: justify;\"><em>&#8220;Non sono n\u00e9 un eroe n\u00e9 un kamikaze, ma una persona come tante altre. Temo la fine perch\u00e9 la vedo come una cosa misteriosa, non so quello che succeder\u00e0 nell\u2019aldil\u00e0. Ma l\u2019importante \u00e8 che sia il coraggio a prendere il sopravvento&#8230;Se non fosse per il dolore di lasciare la mia famiglia, potrei anche morire sereno&#8221;.<\/em><\/p>\n<p style=\"text-align: justify;\">&#8230;.. ciao Paolo in realt\u00e0 , nessuno ti ha mai ucciso perch\u00e8 continui a vivere nei nostri cuori &#8230;. !!!<\/p>\n<p style=\"text-align: justify;\"><a href=\"http:\/\/www.rosanerosiamonoi.it\/palermocalcio\/2018\/07\/19\/in-memoria-di-un-grande-uomo-con-me-la-sua-ultima-intervista\/borsellino-via-damelio-bomba\/\" rel=\"attachment wp-att-8477\"><img decoding=\"async\" loading=\"lazy\" class=\"aligncenter size-medium wp-image-8477\" src=\"http:\/\/www.rosanerosiamonoi.it\/palermocalcio\/wp-content\/uploads\/2018\/07\/borsellino-via-damelio-bomba-445x520.jpg\" alt=\"borsellino-via-damelio-bomba\" width=\"445\" height=\"520\" srcset=\"http:\/\/www.rosanerosiamonoi.it\/palermocalcio\/wp-content\/uploads\/2018\/07\/borsellino-via-damelio-bomba-445x520.jpg 445w, http:\/\/www.rosanerosiamonoi.it\/palermocalcio\/wp-content\/uploads\/2018\/07\/borsellino-via-damelio-bomba-300x350.jpg 300w, http:\/\/www.rosanerosiamonoi.it\/palermocalcio\/wp-content\/uploads\/2018\/07\/borsellino-via-damelio-bomba.jpg 565w\" sizes=\"(max-width: 445px) 100vw, 445px\" \/><\/a><\/p>\n<p style=\"text-align: justify;\">Ore\u00a016.58 di domenica 19 luglio 1992. Un boato squarcia il silenzio di una Palermo semideserta e immersa nel caldo estivo. Una Fiat 126 rubata esplode in via Mariano D&#8217;Amelio 21, sotto il palazzo dove viveva la madre di Paolo Borsellino che ci lascia con gli angeli della sua scorta.<\/p>\n","protected":false},"excerpt":{"rendered":"<p>&#8230; anche il Palermo ha voluto ricordare Paolo Borsellino. Ventisei anni dopo la strage di via D&#8217;Amelio, la Societ\u00e0 rosanero ricorda il giudice Paolo Borsellino\u00a0e gli agenti di scorta Agostino Catalano, Walter Eddie Cosina, Emanuela Loi, Claudio Traina e Vincenzo Li Muli. Veglia degli scouts in via D\u2019Amelio. Albero della pace. In memoria della strage [&hellip;]<\/p>\n","protected":false},"author":2,"featured_media":8472,"comment_status":"closed","ping_status":"open","sticky":false,"template":"","format":"standard","meta":[],"categories":[7,28,1,5,6],"tags":[1251,1249,1250],"_links":{"self":[{"href":"http:\/\/www.rosanerosiamonoi.it\/palermocalcio\/wp-json\/wp\/v2\/posts\/8471"}],"collection":[{"href":"http:\/\/www.rosanerosiamonoi.it\/palermocalcio\/wp-json\/wp\/v2\/posts"}],"about":[{"href":"http:\/\/www.rosanerosiamonoi.it\/palermocalcio\/wp-json\/wp\/v2\/types\/post"}],"author":[{"embeddable":true,"href":"http:\/\/www.rosanerosiamonoi.it\/palermocalcio\/wp-json\/wp\/v2\/users\/2"}],"replies":[{"embeddable":true,"href":"http:\/\/www.rosanerosiamonoi.it\/palermocalcio\/wp-json\/wp\/v2\/comments?post=8471"}],"version-history":[{"count":5,"href":"http:\/\/www.rosanerosiamonoi.it\/palermocalcio\/wp-json\/wp\/v2\/posts\/8471\/revisions"}],"predecessor-version":[{"id":8481,"href":"http:\/\/www.rosanerosiamonoi.it\/palermocalcio\/wp-json\/wp\/v2\/posts\/8471\/revisions\/8481"}],"wp:featuredmedia":[{"embeddable":true,"href":"http:\/\/www.rosanerosiamonoi.it\/palermocalcio\/wp-json\/wp\/v2\/media\/8472"}],"wp:attachment":[{"href":"http:\/\/www.rosanerosiamonoi.it\/palermocalcio\/wp-json\/wp\/v2\/media?parent=8471"}],"wp:term":[{"taxonomy":"category","embeddable":true,"href":"http:\/\/www.rosanerosiamonoi.it\/palermocalcio\/wp-json\/wp\/v2\/categories?post=8471"},{"taxonomy":"post_tag","embeddable":true,"href":"http:\/\/www.rosanerosiamonoi.it\/palermocalcio\/wp-json\/wp\/v2\/tags?post=8471"}],"curies":[{"name":"wp","href":"https:\/\/api.w.org\/{rel}","templated":true}]}}