{"id":8549,"date":"2018-07-23T14:44:24","date_gmt":"2018-07-23T12:44:24","guid":{"rendered":"http:\/\/www.rosanerosiamonoi.it\/palermocalcio\/?p=8549"},"modified":"2018-07-23T15:09:27","modified_gmt":"2018-07-23T13:09:27","slug":"parma-sentenza-5-campionato-2018-19-truffata-la-legge","status":"publish","type":"post","link":"http:\/\/www.rosanerosiamonoi.it\/palermocalcio\/2018\/07\/23\/parma-sentenza-5-campionato-2018-19-truffata-la-legge\/","title":{"rendered":"Parma Sentenza . -5 campionato 2018-19 . Truffata la legge"},"content":{"rendered":"<p style=\"text-align: center;\"><a href=\"http:\/\/www.rosanerosiamonoi.it\/palermocalcio\/2018\/07\/23\/parma-sentenza-5-campionato-2018-19-truffata-la-legge\/giustizia-italiana-morta\/\" rel=\"attachment wp-att-8550\"><img decoding=\"async\" loading=\"lazy\" class=\"aligncenter size-medium wp-image-8550\" src=\"http:\/\/www.rosanerosiamonoi.it\/palermocalcio\/wp-content\/uploads\/2018\/07\/giustizia-italiana-morta-520x244.jpg\" alt=\"giustizia-italiana-morta\" width=\"520\" height=\"244\" srcset=\"http:\/\/www.rosanerosiamonoi.it\/palermocalcio\/wp-content\/uploads\/2018\/07\/giustizia-italiana-morta-520x244.jpg 520w, http:\/\/www.rosanerosiamonoi.it\/palermocalcio\/wp-content\/uploads\/2018\/07\/giustizia-italiana-morta-768x360.jpg 768w, http:\/\/www.rosanerosiamonoi.it\/palermocalcio\/wp-content\/uploads\/2018\/07\/giustizia-italiana-morta-300x141.jpg 300w, http:\/\/www.rosanerosiamonoi.it\/palermocalcio\/wp-content\/uploads\/2018\/07\/giustizia-italiana-morta.jpg 810w\" sizes=\"(max-width: 520px) 100vw, 520px\" \/><\/a><\/p>\n<p style=\"text-align: justify;\">Parma, arrivata la sentenza del Tribunale federale nazionale, presieduto dall&#8217;avvocato Mario Antonio Scino: 5 punti di penalizzazione nel prossimo campionato di Serie A. Calai\u00f2 squalificato 2 anni e 20 mila euro di multa . I giudici inventano una soluzione non prevista nei codici e truffano il Palermo.<\/p>\n<p style=\"text-align: justify;\">Questa la norma da applicare e completamente disattesa .<\/p>\n<p style=\"text-align: justify;\"><strong>g) penalizzazione di uno o pi\u00f9 punti in classifica; la penalizzazione sul punteggio, che si appalesi inefficace nella stagione sportiva in corso, pu\u00f2 essere fatta scontare, in tutto o in parte, nella stagione sportiva seguente;<\/strong><\/p>\n<p>Vergogna !<\/p>\n<p><img decoding=\"async\" loading=\"lazy\" class=\"alignnone size-full wp-image-399895 aligncenter\" src=\"https:\/\/www.ilsicilia.it\/wp-content\/uploads\/2018\/07\/calcio-assassinato.jpg\" alt=\"\" width=\"224\" height=\"171\" \/><\/p>\n<p>&nbsp;<\/p>\n<p style=\"text-align: justify;\"><strong>COMUNICATO<\/strong>\u00a0\u2013 Si legge nel comunicato del TFN in merito a Calai\u00f2: \u201cEbbene, alla luce dei principi test\u00e9 enunciati, <strong>questo Tribunale ritiene provato che il Calai\u00f2,<\/strong> nell\u2019inviare all\u2019ex compagno De Col i messaggi in questione, <strong>abbia posto in essere il tentativo di illecito previsto dall\u2019art. 7<\/strong>, comma 1, CGS, irrilevante essendo che, nello specifico, a tutto voler concedere, questi possa essersi riferito unicamente alla propria incolumit\u00e0 fisica. E\u2019 di tutta evidenza, invero, che anche la sollecitazione e\/o <strong>l\u2019invito ad omettere interventi di gioco sulla propria persona, ove accolta, possa ritenersi idonea, quanto meno in termini di tentativo, ad alterare l\u2019andamento e\/o lo svolgimento della gara<\/strong>\u201d.<\/p>\n<p>&nbsp;<\/p>\n<p style=\"text-align: justify;\"><img decoding=\"async\" loading=\"lazy\" class=\"alignnone size-medium wp-image-399897\" src=\"https:\/\/www.ilsicilia.it\/wp-content\/uploads\/2018\/07\/calcio-a-lutto-600x300.jpg\" alt=\"\" width=\"600\" height=\"300\" \/><\/p>\n<p style=\"text-align: justify;\">Il Parma &#8220;ha conseguito sul campo la posizione finale in classifica che le ha consentito la promozione diretta in Serie A&#8221;, per questo il &#8220;tribunale ritiene che la penalizzazione riferita alla classifica del campionato di Serie B appena conclusosi, oltre che estremamente afflittiva&#8221; sarebbe anche &#8220;in aperto contrasto con lo stesso principio di afflittivit\u00e0 previsto dall&#8217;art. 18, comma 1, lett. g) del CGS&#8221;.<\/p>\n<p style=\"text-align: justify;\"><strong>La norma da applicare lo ripetiamo \u00e8 questa se non vi piace dovrete cambiarla ma non in tribunale con fantasie giuridiche che non esistono.<\/strong><\/p>\n<p style=\"text-align: justify;\">g) penalizzazione di uno o pi\u00f9 punti in classifica;<strong> la penalizzazione sul punteggio, che si appalesi inefficace nella stagione sportiva in corso, pu\u00f2 essere fatta scontare, in tutto o in parte, nella stagione sportiva seguente;<\/strong><\/p>\n<p style=\"text-align: justify;\"><strong>E chiaro? se il -2 non era affllitivo e corretto come lo era &#8230;. pu\u00f2 solo in questo caso, essere fatta scontare\u00a0 nella stagione sportiva seguente !!!\u00a0<\/strong><\/p>\n<p style=\"text-align: justify;\">\u00c8 quanto si legge in un passaggio del dispositivo.\u00a0Il Tfn evidenzia inoltre &#8220;che si \u00e8 in presenza, nella specie, di un tentativo di illecito decisamente respinto dai destinatari dei messaggi e la cui conoscenza da parte della Societ\u00e0 Parma Calcio non \u00e8 stata in alcun modo nemmeno ipotizzata&#8221;.<\/p>\n<p style=\"text-align: justify;\">E se invece se \u00e8 stata anche questa solo una farsa per coprirsi nel caso scoperti ed il rigore di Gilardino sbagliato puzza di bruciato mille miglia e poi\u00a0 basta guardare come pone il suo corpo sbilanciato all&#8217;indietro nel tirare che chiunque pu\u00f2 spiegare che \u00e8 il modo certo al mille per mille per tirar alto sulla traversa?<\/p>\n<p>&nbsp;<\/p>\n<p><img decoding=\"async\" loading=\"lazy\" class=\"alignnone size-medium wp-image-399880\" src=\"https:\/\/www.ilsicilia.it\/wp-content\/uploads\/2018\/07\/gilardino-sbagli-appositamente-rigore-600x300.jpg\" alt=\"\" width=\"600\" height=\"300\" \/><\/p>\n<p>&nbsp;<\/p>\n<p style=\"text-align: justify;\">Secondo il Tribunale quindi &#8220;la penalizzazione va operata con riferimento alla stagione sportiva in corso e, solo ove si appalesi inefficace &#8211; motivano i giudici &#8211; pu\u00f2 essere fatta scontare, in tutto o in parte, nella stagione sportiva successiva, di talch\u00e9, dovendosi individuare la stagione sportiva in corso in quella 1\u00b0 luglio 2018\/30 giugno 2019, la infliggenda penalizzazione sul punteggio non potr\u00e0 che scontarsi in tale stagione sportiva&#8221;.<\/p>\n<p>Ma allora \u00e8 vero l&#8217;asino vola !!!<\/p>\n<p style=\"text-align: justify;\">e noi lo ripetiamo<\/p>\n<p style=\"text-align: justify;\"><strong>g) penalizzazione di uno o pi\u00f9 punti in classifica; la penalizzazione sul punteggio, che si appalesi inefficace nella stagione sportiva in corso, pu\u00f2 essere fatta scontare, in tutto o in parte, nella stagione sportiva seguente .<\/strong><\/p>\n<p style=\"text-align: justify;\">Che tradotto in italiano significa in corso rispetto agli illeciti che si sono realizzati\u00a0come lo dite voi stessi nel 2017-18 &#8230; capito ?<\/p>\n<p style=\"text-align: justify;\">Quindi in appello date i -6 punti afflitivi giustamente riconosciuti da voi stessi nel campionato giusto !!!! e non in quello successivo ai fatti\u00a0, cio\u00e8 la stagione sportiva seguente, a cui si riferiscono\u00a0e per cui Calai\u00f2 \u00e8 stato condannato &#8230;. per fatti avvenuti nel 2017-18. Capito !<\/p>\n<p style=\"text-align: justify;\">Pu\u00f2 capitare &#8230;ammettete che vi siete &#8230;confusi con gli anni o sullo stile Calai\u00f2 avete pensato anche voi ad una sentenza scherzosa ? Pensando vediamo se se ne accorgono dello scherzo ?<\/p>\n<p style=\"text-align: justify;\">Ah! per conoscenza Ceravolo non \u00e8 stato indagato perch\u00e8 non ha fornito il cellulare guarda caso quando ci si mette il diavolo quando \u00e8 stato convocato dalla Procura per rispondere anche dei suoi sms proprio quel giorno , si proprio quelllo non il giorno prima o due giorni prima non ci crederete ma pensa che sfortunato! lo ha perso&#8230; !!! si avete capito bene lo ha perso proprio il giorno che il Pm voleva controllare se ne aveva mandati anche lui &#8230;. e guarda caso la Procura non ha chiesto di acquisirli direttamente dalla societ\u00e0 telefonica con cui aveva il contratto .<\/p>\n<p style=\"text-align: justify;\">Lo so pensate che \u00e8 impossibile che ci siano caduti nell&#8217;inganno e sia una nostra invenzione ed allora vediamo coa \u00e8 scritto nel comunicato.<\/p>\n<p style=\"text-align: justify;\"><strong>Comunicato<\/strong> .&#8221; Si \u00e8 in presenza, nella specie, di un tentativo di illecito decisamente respinto dai destinatari dei messaggi e la cui conoscenza da parte del Parma non \u00e8 stata in alcun modo nemmeno ipotizzata; l\u2019odierna decisione, pertanto, viene assunta allo stato degli atti, <strong>in quanto non sentiti i dirigenti della societ\u00e0 e non approfondita l\u2019indagine con riferimento al suo tesserato Ceravolo Fabio (autore dei messaggi indirizzati al calciatore spezzino Alberto Masi) il quale, se pure pronto a mettere a disposizione della Procura Federale il proprio telefono cellulare, non ha potuto dare corso a tale disponibilit\u00e0 per lo smarrimento del terminale, come da denuncia presentata all\u2019autorit\u00e0 giudiziaria nel medesimo giorno dell\u2019audizione.<\/strong> Rileva, dunque, che il tentativo di illecito \u00e8 stato respinto dai destinatari e che, per quanto \u00e8 dato sapere, salvo ulteriori elementi che dovessero emergere da eventuali successive indagini, la societ\u00e0 ha conseguito sul campo la posizione finale in classifica che le ha consentito la promozione diretta in serie A&#8221;<\/p>\n<p>&nbsp;<\/p>\n<p><img decoding=\"async\" loading=\"lazy\" class=\"alignnone size-medium wp-image-399899\" src=\"https:\/\/www.ilsicilia.it\/wp-content\/uploads\/2018\/07\/calcio-e-morto-600x390.jpg\" alt=\"\" width=\"600\" height=\"390\" \/><\/p>\n<p style=\"text-align: justify;\">Come ha fatto il Frosinone prendendo una sonora legnata cos\u00ec anche il\u00a0<strong>Parma\u00a0 ha annunciato ricorso in appello. Anche il Palermo, per\u00f2, sta studiando la sentenza per presentare appello al dispositivo del tribunale federale.<\/strong><\/p>\n<p style=\"text-align: justify;\">Ed anche in questo caso visto che \u00e8 ormai che \u00e8 stato messo in atto un illecito sportivo pi\u00f9 che un tentativo di illecito sportivo nell&#8217;anno 2017-18 come risulta da tutte le carte del Tribunale Federale basterebbe un giudice che applichi la legge correttamente e senza interpretazioni fantasiose e surreali e i -6 vanno assegnati correttamente nell&#8217;anno giusto e per i rosanero \u00e8 serie A.<\/p>\n<p style=\"text-align: justify;\">La vogliamo raddrizzare questa bilancia che fa tristezza a tanti\u00a0? molti , come ai miei cari amici Falcone e Borsellino che proprio per tenerla equilibrata hanno perso la vita. Volete finalmente rendergli onore anche voi ! Grazie !<\/p>\n<p><img decoding=\"async\" loading=\"lazy\" class=\"alignnone size-medium wp-image-399900 aligncenter\" src=\"https:\/\/www.ilsicilia.it\/wp-content\/uploads\/2018\/07\/bilancia-giustizia-che-pende-a-destra-600x407.jpg\" alt=\"\" width=\"600\" height=\"407\" \/><\/p>\n<p>&nbsp;<\/p>\n","protected":false},"excerpt":{"rendered":"<p>Parma, arrivata la sentenza del Tribunale federale nazionale, presieduto dall&#8217;avvocato Mario Antonio Scino: 5 punti di penalizzazione nel prossimo campionato di Serie A. Calai\u00f2 squalificato 2 anni e 20 mila euro di multa . I giudici inventano una soluzione non prevista nei codici e truffano il Palermo. Questa la norma da applicare e completamente disattesa [&hellip;]<\/p>\n","protected":false},"author":2,"featured_media":8550,"comment_status":"closed","ping_status":"open","sticky":false,"template":"","format":"standard","meta":[],"categories":[7,28,1,5,6],"tags":[277,1084,1275,1276],"_links":{"self":[{"href":"http:\/\/www.rosanerosiamonoi.it\/palermocalcio\/wp-json\/wp\/v2\/posts\/8549"}],"collection":[{"href":"http:\/\/www.rosanerosiamonoi.it\/palermocalcio\/wp-json\/wp\/v2\/posts"}],"about":[{"href":"http:\/\/www.rosanerosiamonoi.it\/palermocalcio\/wp-json\/wp\/v2\/types\/post"}],"author":[{"embeddable":true,"href":"http:\/\/www.rosanerosiamonoi.it\/palermocalcio\/wp-json\/wp\/v2\/users\/2"}],"replies":[{"embeddable":true,"href":"http:\/\/www.rosanerosiamonoi.it\/palermocalcio\/wp-json\/wp\/v2\/comments?post=8549"}],"version-history":[{"count":5,"href":"http:\/\/www.rosanerosiamonoi.it\/palermocalcio\/wp-json\/wp\/v2\/posts\/8549\/revisions"}],"predecessor-version":[{"id":8555,"href":"http:\/\/www.rosanerosiamonoi.it\/palermocalcio\/wp-json\/wp\/v2\/posts\/8549\/revisions\/8555"}],"wp:featuredmedia":[{"embeddable":true,"href":"http:\/\/www.rosanerosiamonoi.it\/palermocalcio\/wp-json\/wp\/v2\/media\/8550"}],"wp:attachment":[{"href":"http:\/\/www.rosanerosiamonoi.it\/palermocalcio\/wp-json\/wp\/v2\/media?parent=8549"}],"wp:term":[{"taxonomy":"category","embeddable":true,"href":"http:\/\/www.rosanerosiamonoi.it\/palermocalcio\/wp-json\/wp\/v2\/categories?post=8549"},{"taxonomy":"post_tag","embeddable":true,"href":"http:\/\/www.rosanerosiamonoi.it\/palermocalcio\/wp-json\/wp\/v2\/tags?post=8549"}],"curies":[{"name":"wp","href":"https:\/\/api.w.org\/{rel}","templated":true}]}}