{"id":8773,"date":"2019-04-24T11:13:49","date_gmt":"2019-04-24T09:13:49","guid":{"rendered":"http:\/\/www.rosanerosiamonoi.it\/palermocalcio\/?p=8773"},"modified":"2019-04-24T11:23:30","modified_gmt":"2019-04-24T09:23:30","slug":"delio-rossi-arrivato-a-palermo-oggi-primo-allenamento-con-la-squadra","status":"publish","type":"post","link":"http:\/\/www.rosanerosiamonoi.it\/palermocalcio\/2019\/04\/24\/delio-rossi-arrivato-a-palermo-oggi-primo-allenamento-con-la-squadra\/","title":{"rendered":"Delio Rossi arrivato a Palermo oggi primo allenamento con la squadra"},"content":{"rendered":"<p><a href=\"http:\/\/www.rosanerosiamonoi.it\/palermocalcio\/2019\/04\/24\/delio-rossi-arrivato-a-palermo-oggi-primo-allenamento-con-la-squadra\/delio-rossi-aeroporto-arrivo\/\" rel=\"attachment wp-att-8774\"><img decoding=\"async\" loading=\"lazy\" class=\"aligncenter size-medium wp-image-8774\" src=\"http:\/\/www.rosanerosiamonoi.it\/palermocalcio\/wp-content\/uploads\/2019\/04\/delio-rossi-aeroporto-arrivo-520x352.jpg\" alt=\"\" width=\"520\" height=\"352\" srcset=\"http:\/\/www.rosanerosiamonoi.it\/palermocalcio\/wp-content\/uploads\/2019\/04\/delio-rossi-aeroporto-arrivo-520x352.jpg 520w, http:\/\/www.rosanerosiamonoi.it\/palermocalcio\/wp-content\/uploads\/2019\/04\/delio-rossi-aeroporto-arrivo-768x519.jpg 768w, http:\/\/www.rosanerosiamonoi.it\/palermocalcio\/wp-content\/uploads\/2019\/04\/delio-rossi-aeroporto-arrivo-1024x692.jpg 1024w, http:\/\/www.rosanerosiamonoi.it\/palermocalcio\/wp-content\/uploads\/2019\/04\/delio-rossi-aeroporto-arrivo-640x433.jpg 640w\" sizes=\"(max-width: 520px) 100vw, 520px\" \/><\/a><\/p>\n<h2 class=\"occhiello\" style=\"text-align: center;\">SANTA ROSALIA CI LIBER\u00d2 DALLA PESTE,<\/h2>\n<h2 class=\"occhiello\" style=\"text-align: center;\">FOSCHI DA STELLONE<\/h2>\n<h2 class=\"occhiello\" style=\"text-align: center;\">CON DELIO ROSSI VOLATA FINALE VERSO LA A<\/h2>\n<p>&nbsp;<\/p>\n<p>Sar\u00e0\u00a0<strong>Delio Rossi<\/strong>\u00a0il nuovo allenatore del Palermo. E\u2019 arrivato all\u2019aeroporto Falcone Borsellino alle 22.44 e dalle sue prime dichiarazioni ai giornalisti presenti al suo arrivo si \u00e8 detto felice di tornare in una citt\u00e0 che ama molto e nella quale un giorno di 8 anni fa ha lasciato un pezzo del suo cuore \u201cVoi lo sapete che cosa penso di Palermo\u201d ha detto ad un collega e lo sappiamo anche noi che eravamo presenti all\u2019incontro di addio dopo il suo esonero in un albergo all\u2019Addaura organizzato dai tifosi rosanero.<\/p>\n<p>Il 23 novembre 2009 Delio Rossi viene scelto da Zamparini per sostituire Walter Zenga<\/p>\n<p><strong>\u00abAlla prossima\u00bb<\/strong>.\u00a0Si era congedato cos\u00ec Delio Rossi da Palermo il 14 giugno del 2011\u00a0all\u2019Addaura Hotel davanti a circa un centinaio di tifosi. Un saluto, o meglio un arrivederci, come poi il tempo ha dimostrato.\u00a0Dopo quasi otto anni il tecnico di Rimini, 59 anni, torna sulla panchina rosanero.<\/p>\n<p><strong>Delio Rossi<\/strong>\u00a0firmer\u00e0 nelle prossime ore\u00a0 il contratto incontrandosi con il Presidente Rino Foschi ed oggi pomeriggio stesso diriger\u00e0 il suo primo allenamento con la squadra in vista della prima delle quattro partite che \u00e8 chiamato a vincere per rientrare fra le prime due e conquistare cos\u00ec la promozione diretta ed in suo soccorso vincendole tutte ci sar\u00e0 il turno di riposo con il Lecce e lo scontro fra Lecce e Brescia\u00a0 che potrebbe anche insidiare il primo posto delle rondinelle in caso di loro sconfitta , con un pari od una sconfitta il Lecce sarebbe definitivamente terzo.<\/p>\n<p>Naturalmente\u00a0 questo con quattro vittorie dei rosanero e con l\u2019organico che abbiamo rimettendoli a posto con la difesa a tre, centrocampo a 4 od al massimo a 5 ed attacco a 3 nel primo caso od a 2 nel secondo siamo certi che l\u2019obiettivo \u00e8 facilmente raggiungibile.<\/p>\n<p>Vinciamole tutte giocando sempre all\u2019attacco e senza preoccuparsi si prendere gol ma piuttosto di farne uno in pi\u00f9 degli avversari .<\/p>\n<p>E come le truppe d\u2019assalto americane un unico grido per una squadra votata all\u2019attacco \u2026<strong>\u201cGeronimo!!!<\/strong>\u201d<\/p>\n<p>Ora pi\u00f9 che mai bisogna stare vicini alla squadra ed alla societ\u00e0 che molto presto dovrebbe passare di mano per accasarci in mani solide che , come ha fatto molto bene Zamparini, possa regalarci un altro periodo positivo e di lunga permanenza in serie A che ora con il cambio di allenatore possiamo dare al 99 per cento in mano dei rosanero contro lo zero per cento per noi con Stellone dopo la partita pareggiata in casa con il Padova.<\/p>\n<p>Un grazie va alla societ\u00e0 che ha provveduto sul limite ma riteniamo lo stesso in tempo all\u2019esonero di Stellone probabilmente leggendo anche i nostri articoli con le nostre critiche costruttive e facendo proprio il nostro grido di dolore di fronte all\u2019ostinazione di un allenatore che pur avendo sotto gli occhi che continuava a farci giocare con un modulo perdente e con la preoccupazione di non prendere gol e fare solo possesso palla anzich\u00e8 accettare le nostre critiche e rimodulare la squadra con il 3-4-3 che si era sempre mostrato vincente sia quando schierato dall\u2019inizio che quando nel corso della partita veniva rimodulato in questa maniera ottenendo nel finale delle partite dopo i cambi quasi sempre la vittoria ed invece ha, in maniera testarda, continuato a schierare la difesa a 4 e costringendo gli attaccanti a giocare spalle alla porta e tornare indietro per andare a fare i difensori .<\/p>\n<p>Ma ora speriamo di dimenticarci calcisticamente per sempre di loro , Tedino e Stellone e fra 4 giornate iniziare i festeggiamenti per una serie A ritrovata nonostante tutti e 2 si siano ben adoperati per farcela perdere ancora una volta .<\/p>\n<p>Una precisazione \u00e8 dovuta per evitare equivoci che il nostro giudizio \u00e8 naturalmente solo calcistico e non sulle persone che ci fa piacere dire che sono assolutamente delle perone perbene e che meritano tutto il nostro rispetto.<\/p>\n<p>Allle 15.00 a Boccadifalco \u00e8 prevista la conferenza stampa del Presidente Rino Foschi<\/p>\n<p><iframe loading=\"lazy\" src=\"https:\/\/www.youtube.com\/embed\/9T63nAQwhgE\" width=\"656\" height=\"408\" frameborder=\"0\" allowfullscreen=\"allowfullscreen\"><\/iframe><\/p>\n","protected":false},"excerpt":{"rendered":"<p>SANTA ROSALIA CI LIBER\u00d2 DALLA PESTE, FOSCHI DA STELLONE CON DELIO ROSSI VOLATA FINALE VERSO LA A &nbsp; Sar\u00e0\u00a0Delio Rossi\u00a0il nuovo allenatore del Palermo. E\u2019 arrivato all\u2019aeroporto Falcone Borsellino alle 22.44 e dalle sue prime dichiarazioni ai giornalisti presenti al suo arrivo si \u00e8 detto felice di tornare in una citt\u00e0 che ama molto e [&hellip;]<\/p>\n","protected":false},"author":2,"featured_media":8774,"comment_status":"closed","ping_status":"open","sticky":false,"template":"","format":"standard","meta":[],"categories":[10,1,6,44],"tags":[1382,790,1380,106,1381],"_links":{"self":[{"href":"http:\/\/www.rosanerosiamonoi.it\/palermocalcio\/wp-json\/wp\/v2\/posts\/8773"}],"collection":[{"href":"http:\/\/www.rosanerosiamonoi.it\/palermocalcio\/wp-json\/wp\/v2\/posts"}],"about":[{"href":"http:\/\/www.rosanerosiamonoi.it\/palermocalcio\/wp-json\/wp\/v2\/types\/post"}],"author":[{"embeddable":true,"href":"http:\/\/www.rosanerosiamonoi.it\/palermocalcio\/wp-json\/wp\/v2\/users\/2"}],"replies":[{"embeddable":true,"href":"http:\/\/www.rosanerosiamonoi.it\/palermocalcio\/wp-json\/wp\/v2\/comments?post=8773"}],"version-history":[{"count":5,"href":"http:\/\/www.rosanerosiamonoi.it\/palermocalcio\/wp-json\/wp\/v2\/posts\/8773\/revisions"}],"predecessor-version":[{"id":8779,"href":"http:\/\/www.rosanerosiamonoi.it\/palermocalcio\/wp-json\/wp\/v2\/posts\/8773\/revisions\/8779"}],"wp:featuredmedia":[{"embeddable":true,"href":"http:\/\/www.rosanerosiamonoi.it\/palermocalcio\/wp-json\/wp\/v2\/media\/8774"}],"wp:attachment":[{"href":"http:\/\/www.rosanerosiamonoi.it\/palermocalcio\/wp-json\/wp\/v2\/media?parent=8773"}],"wp:term":[{"taxonomy":"category","embeddable":true,"href":"http:\/\/www.rosanerosiamonoi.it\/palermocalcio\/wp-json\/wp\/v2\/categories?post=8773"},{"taxonomy":"post_tag","embeddable":true,"href":"http:\/\/www.rosanerosiamonoi.it\/palermocalcio\/wp-json\/wp\/v2\/tags?post=8773"}],"curies":[{"name":"wp","href":"https:\/\/api.w.org\/{rel}","templated":true}]}}