{"id":8780,"date":"2019-04-23T11:25:54","date_gmt":"2019-04-23T09:25:54","guid":{"rendered":"http:\/\/www.rosanerosiamonoi.it\/palermocalcio\/?p=8780"},"modified":"2019-04-24T11:34:35","modified_gmt":"2019-04-24T09:34:35","slug":"palermo-padova-1-1-vergogna-video-risultati-e-classifica","status":"publish","type":"post","link":"http:\/\/www.rosanerosiamonoi.it\/palermocalcio\/2019\/04\/23\/palermo-padova-1-1-vergogna-video-risultati-e-classifica\/","title":{"rendered":"Palermo-Padova 1-1 , vergogna ! (VIDEO, risultati e classifica)"},"content":{"rendered":"<p><a href=\"http:\/\/www.rosanerosiamonoi.it\/palermocalcio\/2019\/04\/23\/palermo-padova-1-1-vergogna-video-risultati-e-classifica\/serie-b-34-giornata-serie-b-18-19\/\" rel=\"attachment wp-att-8781\"><img decoding=\"async\" loading=\"lazy\" class=\"aligncenter size-medium wp-image-8781\" src=\"http:\/\/www.rosanerosiamonoi.it\/palermocalcio\/wp-content\/uploads\/2019\/04\/Serie-B-34^-giornata-serie-B-18-19-520x520.jpg\" alt=\"\" width=\"520\" height=\"520\" srcset=\"http:\/\/www.rosanerosiamonoi.it\/palermocalcio\/wp-content\/uploads\/2019\/04\/Serie-B-34^-giornata-serie-B-18-19-520x520.jpg 520w, http:\/\/www.rosanerosiamonoi.it\/palermocalcio\/wp-content\/uploads\/2019\/04\/Serie-B-34^-giornata-serie-B-18-19-150x150.jpg 150w, http:\/\/www.rosanerosiamonoi.it\/palermocalcio\/wp-content\/uploads\/2019\/04\/Serie-B-34^-giornata-serie-B-18-19-768x768.jpg 768w, http:\/\/www.rosanerosiamonoi.it\/palermocalcio\/wp-content\/uploads\/2019\/04\/Serie-B-34^-giornata-serie-B-18-19-100x100.jpg 100w, http:\/\/www.rosanerosiamonoi.it\/palermocalcio\/wp-content\/uploads\/2019\/04\/Serie-B-34^-giornata-serie-B-18-19-200x200.jpg 200w, http:\/\/www.rosanerosiamonoi.it\/palermocalcio\/wp-content\/uploads\/2019\/04\/Serie-B-34^-giornata-serie-B-18-19-50x50.jpg 50w, http:\/\/www.rosanerosiamonoi.it\/palermocalcio\/wp-content\/uploads\/2019\/04\/Serie-B-34^-giornata-serie-B-18-19-640x640.jpg 640w, http:\/\/www.rosanerosiamonoi.it\/palermocalcio\/wp-content\/uploads\/2019\/04\/Serie-B-34^-giornata-serie-B-18-19-144x144.jpg 144w, http:\/\/www.rosanerosiamonoi.it\/palermocalcio\/wp-content\/uploads\/2019\/04\/Serie-B-34^-giornata-serie-B-18-19.jpg 1000w\" sizes=\"(max-width: 520px) 100vw, 520px\" \/><\/a><\/p>\n<p>&nbsp;<\/p>\n<h2 class=\"occhiello\" style=\"text-align: center;\">ERRORI TATTICI, MODULO SBAGLIATO,GIOCATORI FUORI RUOLO<\/h2>\n<h2 class=\"occhiello\" style=\"text-align: center;\">OD IN PANCHINA &#8230; IERI TUTTO SBAGLIATO<\/h2>\n<p>&nbsp;<\/p>\n<p>Ci siamo presi una notte per riflettere bene su quel che \u00e8 successo ieri sera al Barbera con il Palermo che vincendo avrebbe proseguito la sua marcia verso la promozione diretta e ci \u00e8 venuta ripetutamente a mente la considerazione ed il rammarico che rimanendo inascoltato proprio ieri se questa squadra avesse avuto un\u2019altra guida che usando il modulo tattico corretto, che non \u00e8 e non sar\u00e0 mai la difesa a 4 ed a tratti l\u201911-0-0, e di conseguenza se i giocatori venissero schierati in campo secondo le loro caratteristiche e quindi messi nel loro ruolo giusto nel modulo giusto od addiritura alcuni di loro che sarebbero titolari in serie A mandati in panchina, proprio ieri,come dicevamo, sarebbe dovuta essere la giornata della grande festa promozione altro che il giorno in cui sperare che la buona sorte ci aiutasse a superare gli erorri tattici e strategici in campo ripetuti con una testardaggine inconcepibile e suicida ormai in tutta questa seconda parte del girone di ritorno sopratutto e che ci sono gi\u00e0 costati in sequenza , perdita primo posto, perdita secondo posto ed adesso la quasi certezza di non riuscire a recuperare pi\u00f9 uno dei due posti per la promozione diretta.<\/p>\n<p><img decoding=\"async\" loading=\"lazy\" class=\"aligncenter size-medium wp-image-423896\" src=\"https:\/\/www.ilsicilia.it\/wp-content\/uploads\/2019\/04\/classifica-34-giornata-serie-b-18-19-600x600.jpg\" sizes=\"(max-width: 600px) 100vw, 600px\" srcset=\"https:\/\/www.ilsicilia.it\/wp-content\/uploads\/2019\/04\/classifica-34-giornata-serie-b-18-19-600x600.jpg 600w, https:\/\/www.ilsicilia.it\/wp-content\/uploads\/2019\/04\/classifica-34-giornata-serie-b-18-19-300x300.jpg 300w, https:\/\/www.ilsicilia.it\/wp-content\/uploads\/2019\/04\/classifica-34-giornata-serie-b-18-19-768x768.jpg 768w, https:\/\/www.ilsicilia.it\/wp-content\/uploads\/2019\/04\/classifica-34-giornata-serie-b-18-19-200x200.jpg 200w, https:\/\/www.ilsicilia.it\/wp-content\/uploads\/2019\/04\/classifica-34-giornata-serie-b-18-19-100x100.jpg 100w, https:\/\/www.ilsicilia.it\/wp-content\/uploads\/2019\/04\/classifica-34-giornata-serie-b-18-19.jpg 1000w\" alt=\"\" width=\"600\" height=\"600\" \/><\/p>\n<p>Bastava poco nonostante i gravi errori precedenti \u2026bastava solo vincere\u2026 ma con la difesa a 4 , Falletti come faceva Tedino con Coronado mandato a giocare a centrocampo od in difesa anzich\u00e8 in area con accanto Puscas e Moreo , serviti non con lanci lunghi ma con azioni manovrate con palla avanti ed assist e tagli verticali Fiordilino mandato in panchina anzich\u00e8 giocare a centrocampo con Muravski con compiti di regia e sulle fasce Rispoli a destra e Salvi a sinistra a spingere e servire le punte tutto questo ha permesso al Padova di fare la figura del Barcellona e noi di una squadra di dopolavoro , e lo ripeto abbiamo l\u2019organico pi\u00f9 forte e completo di serie B.<br \/>\nSe non ci avessero graziato con il rigore parato da Brignoli oggi forse staremmo parlando anche di una sconfitta che sarebbe stata tombale per i rosanero.<\/p>\n<p><img decoding=\"async\" loading=\"lazy\" class=\"aligncenter size-medium wp-image-423897\" src=\"https:\/\/www.ilsicilia.it\/wp-content\/uploads\/2019\/04\/brescia-3-salernitana-0-600x600.jpg\" sizes=\"(max-width: 600px) 100vw, 600px\" srcset=\"https:\/\/www.ilsicilia.it\/wp-content\/uploads\/2019\/04\/brescia-3-salernitana-0-600x600.jpg 600w, https:\/\/www.ilsicilia.it\/wp-content\/uploads\/2019\/04\/brescia-3-salernitana-0-300x300.jpg 300w, https:\/\/www.ilsicilia.it\/wp-content\/uploads\/2019\/04\/brescia-3-salernitana-0-768x768.jpg 768w, https:\/\/www.ilsicilia.it\/wp-content\/uploads\/2019\/04\/brescia-3-salernitana-0-200x200.jpg 200w, https:\/\/www.ilsicilia.it\/wp-content\/uploads\/2019\/04\/brescia-3-salernitana-0-100x100.jpg 100w, https:\/\/www.ilsicilia.it\/wp-content\/uploads\/2019\/04\/brescia-3-salernitana-0.jpg 1000w\" alt=\"\" width=\"600\" height=\"600\" \/><\/p>\n<p>Se si potesse cambiare lo avremmo fatto gi\u00e0 dal primo giorno con Tedino ed avremmo richiamato se fosse stato possibile Ballardini ed oggi Palermo sarebbe al mille per mille in festa.<br \/>\nAdesso inizia il momento pi\u00f9 difficile perch\u00e8 in ogni caso bisogna ed \u00e8 doveroso provare lo stesso a raggiungere la promozione diretta perch\u00e8 c\u2019\u00e8 un pubblico , quello dei veri tifosi del Palermo, che lo merita cos\u00ec come lo merita questa societ\u00e0 e lo meritano tutti i giocatori in organico del Palermo ma se pur avendo una Ferrari anzich\u00e8 usare le marce giuste , non voglio neanche pensare al perch\u00e8 lo fai o non fai quel che dovresti ma conta solo che con testardaggine lo fai o non lo fai e sulla dirittura d\u2019arrivo anzich\u00e8 mettere l\u2019ottava marcia e volare fino al traguardo metti la retromarcia di cosa vogliare parlare \u2026bisogna solo cambiare per ch\u00e8 a pagare poi sar\u00e0 la machhina ed in questo caso i fischi sacrosanti , come ieri, andranno ai giocatori ma in realt\u00e0 sono tutti indirizzati non a loro ma chi li ha costratti a giocare fuori ruolo e con un modulo inadegato e perdente.<\/p>\n<p><img decoding=\"async\" loading=\"lazy\" class=\"aligncenter size-medium wp-image-423898\" src=\"https:\/\/www.ilsicilia.it\/wp-content\/uploads\/2019\/04\/verona-lecce-0-3-600x600.jpg\" sizes=\"(max-width: 600px) 100vw, 600px\" srcset=\"https:\/\/www.ilsicilia.it\/wp-content\/uploads\/2019\/04\/verona-lecce-0-3-600x600.jpg 600w, https:\/\/www.ilsicilia.it\/wp-content\/uploads\/2019\/04\/verona-lecce-0-3-300x300.jpg 300w, https:\/\/www.ilsicilia.it\/wp-content\/uploads\/2019\/04\/verona-lecce-0-3-768x768.jpg 768w, https:\/\/www.ilsicilia.it\/wp-content\/uploads\/2019\/04\/verona-lecce-0-3-200x200.jpg 200w, https:\/\/www.ilsicilia.it\/wp-content\/uploads\/2019\/04\/verona-lecce-0-3-100x100.jpg 100w, https:\/\/www.ilsicilia.it\/wp-content\/uploads\/2019\/04\/verona-lecce-0-3.jpg 1000w\" alt=\"\" width=\"600\" height=\"600\" \/><\/p>\n<p>Ora, cosa lo dico a fare ? per lasciare un lumicino di speranza bisogna cambiare allenatore subito e con il nuovo andare a vincere a Livorno e sperare ( ma \u00e8 mai possibile con la squadra che abbiamo ?) sulle disgrazie altrui.<br \/>\n<iframe loading=\"lazy\" src=\"https:\/\/www.youtube.com\/embed\/ew8xfO5ctRk\" width=\"656\" height=\"408\" frameborder=\"0\" allowfullscreen=\"allowfullscreen\" data-mce-fragment=\"1\"><\/iframe><\/p>\n","protected":false},"excerpt":{"rendered":"<p>&nbsp; ERRORI TATTICI, MODULO SBAGLIATO,GIOCATORI FUORI RUOLO OD IN PANCHINA &#8230; IERI TUTTO SBAGLIATO &nbsp; Ci siamo presi una notte per riflettere bene su quel che \u00e8 successo ieri sera al Barbera con il Palermo che vincendo avrebbe proseguito la sua marcia verso la promozione diretta e ci \u00e8 venuta ripetutamente a mente la considerazione [&hellip;]<\/p>\n","protected":false},"author":2,"featured_media":8781,"comment_status":"closed","ping_status":"open","sticky":false,"template":"","format":"standard","meta":[],"categories":[35,1,6,44],"tags":[1378,674,103,1374,106,1383,6],"_links":{"self":[{"href":"http:\/\/www.rosanerosiamonoi.it\/palermocalcio\/wp-json\/wp\/v2\/posts\/8780"}],"collection":[{"href":"http:\/\/www.rosanerosiamonoi.it\/palermocalcio\/wp-json\/wp\/v2\/posts"}],"about":[{"href":"http:\/\/www.rosanerosiamonoi.it\/palermocalcio\/wp-json\/wp\/v2\/types\/post"}],"author":[{"embeddable":true,"href":"http:\/\/www.rosanerosiamonoi.it\/palermocalcio\/wp-json\/wp\/v2\/users\/2"}],"replies":[{"embeddable":true,"href":"http:\/\/www.rosanerosiamonoi.it\/palermocalcio\/wp-json\/wp\/v2\/comments?post=8780"}],"version-history":[{"count":2,"href":"http:\/\/www.rosanerosiamonoi.it\/palermocalcio\/wp-json\/wp\/v2\/posts\/8780\/revisions"}],"predecessor-version":[{"id":8783,"href":"http:\/\/www.rosanerosiamonoi.it\/palermocalcio\/wp-json\/wp\/v2\/posts\/8780\/revisions\/8783"}],"wp:featuredmedia":[{"embeddable":true,"href":"http:\/\/www.rosanerosiamonoi.it\/palermocalcio\/wp-json\/wp\/v2\/media\/8781"}],"wp:attachment":[{"href":"http:\/\/www.rosanerosiamonoi.it\/palermocalcio\/wp-json\/wp\/v2\/media?parent=8780"}],"wp:term":[{"taxonomy":"category","embeddable":true,"href":"http:\/\/www.rosanerosiamonoi.it\/palermocalcio\/wp-json\/wp\/v2\/categories?post=8780"},{"taxonomy":"post_tag","embeddable":true,"href":"http:\/\/www.rosanerosiamonoi.it\/palermocalcio\/wp-json\/wp\/v2\/tags?post=8780"}],"curies":[{"name":"wp","href":"https:\/\/api.w.org\/{rel}","templated":true}]}}