{"id":8839,"date":"2019-05-09T20:45:30","date_gmt":"2019-05-09T18:45:30","guid":{"rendered":"http:\/\/www.rosanerosiamonoi.it\/palermocalcio\/?p=8839"},"modified":"2019-05-10T10:47:17","modified_gmt":"2019-05-10T08:47:17","slug":"conferenza-stampa-arkus-network-group-nuova-proprieta-us-citta-di-palermo-video-integrale","status":"publish","type":"post","link":"http:\/\/www.rosanerosiamonoi.it\/palermocalcio\/2019\/05\/09\/conferenza-stampa-arkus-network-group-nuova-proprieta-us-citta-di-palermo-video-integrale\/","title":{"rendered":"Conferenza stampa Arkus Network Group nuova propriet\u00e0 Us Citt\u00e0 di Palermo (VIDEO integrale)"},"content":{"rendered":"<p style=\"text-align: center;\"><a href=\"http:\/\/www.rosanerosiamonoi.it\/palermocalcio\/\" rel=\"attachment wp-att-8840\"><img decoding=\"async\" loading=\"lazy\" class=\"aligncenter size-medium wp-image-8840\" src=\"http:\/\/www.rosanerosiamonoi.it\/palermocalcio\/wp-content\/uploads\/2019\/05\/Arkus-nuova-propriet\u00e0-Palermo-2-520x293.jpg\" alt=\"\" width=\"520\" height=\"293\" \/><\/a><\/p>\n<p><a href=\"http:\/\/www.rosanerosiamonoi.it\/palermocalcio\/2019\/05\/09\/conferenza-stampa-arkus-network-group-nuova-proprieta-us-citta-di-palermo-video-integrale\/arkus-conferenza-stampa-4\/\" rel=\"attachment wp-att-8856\"><img decoding=\"async\" loading=\"lazy\" class=\"aligncenter size-medium wp-image-8856\" src=\"http:\/\/www.rosanerosiamonoi.it\/palermocalcio\/wp-content\/uploads\/2019\/05\/arkus-conferenza-stampa-3-520x326.jpg\" alt=\"\" width=\"520\" height=\"326\" srcset=\"http:\/\/www.rosanerosiamonoi.it\/palermocalcio\/wp-content\/uploads\/2019\/05\/arkus-conferenza-stampa-3-520x326.jpg 520w, http:\/\/www.rosanerosiamonoi.it\/palermocalcio\/wp-content\/uploads\/2019\/05\/arkus-conferenza-stampa-3-640x401.jpg 640w, http:\/\/www.rosanerosiamonoi.it\/palermocalcio\/wp-content\/uploads\/2019\/05\/arkus-conferenza-stampa-3.jpg 738w\" sizes=\"(max-width: 520px) 100vw, 520px\" \/><\/a><\/p>\n<p>Si \u00e8 tenuta presso il Mondello Palace Hotel la conferenza stampa di presentazione della nuova Propriet\u00e0 dell\u2019<strong>U.S. Citt\u00e0 di Palermo<\/strong>.<br \/>\nSono intervenuti, nell&#8217;ordine, <strong>Daniela De Angeli<\/strong> (Direttore Amministrativo U.S. Citt\u00e0 di Palermo), <strong>Rino Foschi<\/strong> (Direttore Sportivo U.S. Citt\u00e0 di Palermo),<strong> Walter Tuttolomondo<\/strong> (Consigliere U.S. Citt\u00e0 di Palermo e Presidente Arkus Network) , <strong>Vincenzo Macaione<\/strong> (Vicepresidente U.S. Citt\u00e0 di Palermo e Presidente Sporting Network),<strong> Giuseppe Valente<\/strong> (Amministratore Delegato Sporting Network), <strong>Alessandro Albanese<\/strong> (Presidente U.S. Citt\u00e0 di Palermo), <strong>Stefano Pistilli<\/strong> (Amministratore Delegato Arkus Network e Amministratore unico Amandatour),<strong> Roberto Bergamo<\/strong> (Amministratore Delegato U.S. Citt\u00e0 di Palermo), <strong>Fabrizio Lucchesi<\/strong> (Direttore Generale U.S. Citt\u00e0 di Palermo) e<strong> Salvatore Tuttolomondo<\/strong> (CFO di Arkus Network).<\/p>\n<p>Una conferenza stampa che ha chiarito tutto ci\u00f2 che c&#8217;era da chiarire per conoscere a fondo la nuova propriet\u00e0 come ha scelto di fare con documenti alla mano e chiarendo a pieno obiettivi e scelte strategiche per riportare il Palermo in A , dove vogliamo credere che andremo quest&#8217;anno ed anche direttamente , e sul suo futuro.<\/p>\n<p>Nei programmi anche l&#8217;importantissimo, per il futuro di tutte le squadre di calcio , obiettivo di costruire lo Stadio per dotare la nostra citt\u00e0 e la societ\u00e0 rosanero di una struttura di propriet\u00e0 importante come hanno gi\u00e0 fatto altre squadre di serie A a partire della Juventus.<\/p>\n<p>Per velocizzare anche la regolarizzazione con la Federazione gi\u00e0 oggi stesso dovrebbero partire i documenti per sciogliere qualsiasi dubbio su di una propriet\u00e0 certa e solvibile ed in grado di gestire al meglio le proprie attivit\u00e0 e con le dovute coperture finanziarie.<\/p>\n<p>Personalmente ci fa piacere anche che il neo Presidente sia un palermitano , come tante volte hanno chiesto i tifosi, e che ora sono stati accontentati, con <strong>Alessandro Albanese<\/strong> Presidente anche di Sicindustria.<\/p>\n<p>Ed ancor di pi\u00f9 ci fa piacere che si realizzino i sogni di pap\u00e0 Antonino Tuttolomondo , che \u00e8 mancato da poco, che era orgoglioso delle sue origini siciliane e che credeva nell&#8217;affermazione nella societ\u00e0 delle nostre eccellenze nel mondo dell&#8217;imprenditoria che riteneva anche pi\u00f9 creative rispetto alle altre e che oggi vede, con la stessa determinazione e competenza,\u00a0 alla guida della Arkus Network Group i figli Salvatore e Walter e dove anche i nipoti oggi hanno imparato a fare la loro parte con grande professionalit\u00e0.<\/p>\n<p>E per onorare questo importante passo sabato in occasione della partita con il Cittadella che se lo Spezia, che deve confermare il suo posto fra le squadre che disputeranno i play off, ci far\u00e0 un bel regalo potrebbe volere dire, come ci piace pensare, la serie A e saranno almeno 40-50 i rappresentati della famiglia presenti all&#8217;incontro per tifare tutti uniti con i tifosi rosanero per il Palermo.<\/p>\n<p>Noi che solitamente vediamo un bicchiere mezzo pieno piuttosto che mezzo vuoto, vogliamo credere di avere fatto bene ad uscire la bandiera dell&#8217;ultima promozione in serie A ma anche in serie B nel 1990-91 ricordando a noi stessi di esserci sempre stati accanto alla squadra ed alla societ\u00e0 anche quando costretti a fare le nostre radiocronache nelle serie minori della serie C sia 2 che 1 dopo che il Palermo era stato cancellato.<\/p>\n<p>Per chiudere che dire se non tutti uniti in uno stadio tutto esaurito e portare il Palermo al successo battendo il Cittadella e poi attendere il risultato di Lecce-Spezia. che sar\u00e0 trasmessa in diretta su Rai 2 , perch\u00e8 possa essere ricordata come una giornata fantastica.<\/p>\n<p>AndiAmoci !!!<\/p>\n<p><iframe loading=\"lazy\" src=\"https:\/\/www.youtube.com\/embed\/nedRZ7sIWIw\" width=\"656\" height=\"408\" frameborder=\"0\" allowfullscreen=\"allowfullscreen\"><\/iframe><\/p>\n","protected":false},"excerpt":{"rendered":"<p>Si \u00e8 tenuta presso il Mondello Palace Hotel la conferenza stampa di presentazione della nuova Propriet\u00e0 dell\u2019U.S. Citt\u00e0 di Palermo. Sono intervenuti, nell&#8217;ordine, Daniela De Angeli (Direttore Amministrativo U.S. Citt\u00e0 di Palermo), Rino Foschi (Direttore Sportivo U.S. Citt\u00e0 di Palermo), Walter Tuttolomondo (Consigliere U.S. Citt\u00e0 di Palermo e Presidente Arkus Network) , Vincenzo Macaione (Vicepresidente [&hellip;]<\/p>\n","protected":false},"author":2,"featured_media":8856,"comment_status":"closed","ping_status":"open","sticky":false,"template":"","format":"standard","meta":[],"categories":[43,10,1,6],"tags":[1405,1392,1406,103,1404,6,1393],"_links":{"self":[{"href":"http:\/\/www.rosanerosiamonoi.it\/palermocalcio\/wp-json\/wp\/v2\/posts\/8839"}],"collection":[{"href":"http:\/\/www.rosanerosiamonoi.it\/palermocalcio\/wp-json\/wp\/v2\/posts"}],"about":[{"href":"http:\/\/www.rosanerosiamonoi.it\/palermocalcio\/wp-json\/wp\/v2\/types\/post"}],"author":[{"embeddable":true,"href":"http:\/\/www.rosanerosiamonoi.it\/palermocalcio\/wp-json\/wp\/v2\/users\/2"}],"replies":[{"embeddable":true,"href":"http:\/\/www.rosanerosiamonoi.it\/palermocalcio\/wp-json\/wp\/v2\/comments?post=8839"}],"version-history":[{"count":7,"href":"http:\/\/www.rosanerosiamonoi.it\/palermocalcio\/wp-json\/wp\/v2\/posts\/8839\/revisions"}],"predecessor-version":[{"id":8863,"href":"http:\/\/www.rosanerosiamonoi.it\/palermocalcio\/wp-json\/wp\/v2\/posts\/8839\/revisions\/8863"}],"wp:featuredmedia":[{"embeddable":true,"href":"http:\/\/www.rosanerosiamonoi.it\/palermocalcio\/wp-json\/wp\/v2\/media\/8856"}],"wp:attachment":[{"href":"http:\/\/www.rosanerosiamonoi.it\/palermocalcio\/wp-json\/wp\/v2\/media?parent=8839"}],"wp:term":[{"taxonomy":"category","embeddable":true,"href":"http:\/\/www.rosanerosiamonoi.it\/palermocalcio\/wp-json\/wp\/v2\/categories?post=8839"},{"taxonomy":"post_tag","embeddable":true,"href":"http:\/\/www.rosanerosiamonoi.it\/palermocalcio\/wp-json\/wp\/v2\/tags?post=8839"}],"curies":[{"name":"wp","href":"https:\/\/api.w.org\/{rel}","templated":true}]}}