{"id":8864,"date":"2019-05-10T17:14:29","date_gmt":"2019-05-10T15:14:29","guid":{"rendered":"http:\/\/www.rosanerosiamonoi.it\/palermocalcio\/?p=8864"},"modified":"2019-05-10T20:41:32","modified_gmt":"2019-05-10T18:41:32","slug":"palermo-udienza-verso-limprocedibilita","status":"publish","type":"post","link":"http:\/\/www.rosanerosiamonoi.it\/palermocalcio\/2019\/05\/10\/palermo-udienza-verso-limprocedibilita\/","title":{"rendered":"Palermo, udienza verso l&#8217;improcedibilit\u00e0"},"content":{"rendered":"<p><a href=\"http:\/\/www.rosanerosiamonoi.it\/palermocalcio\/2019\/05\/10\/palermo-udienza-verso-limprocedibilita\/tribunale-federale-nazionale-622x400-2-3\/\" rel=\"attachment wp-att-8867\"><img decoding=\"async\" loading=\"lazy\" class=\"aligncenter size-medium wp-image-8867\" src=\"http:\/\/www.rosanerosiamonoi.it\/palermocalcio\/wp-content\/uploads\/2019\/05\/tribunale-federale-nazionale-622x400-2-2-520x321.jpg\" alt=\"\" width=\"520\" height=\"321\" srcset=\"http:\/\/www.rosanerosiamonoi.it\/palermocalcio\/wp-content\/uploads\/2019\/05\/tribunale-federale-nazionale-622x400-2-2-520x321.jpg 520w, http:\/\/www.rosanerosiamonoi.it\/palermocalcio\/wp-content\/uploads\/2019\/05\/tribunale-federale-nazionale-622x400-2-2-768x474.jpg 768w, http:\/\/www.rosanerosiamonoi.it\/palermocalcio\/wp-content\/uploads\/2019\/05\/tribunale-federale-nazionale-622x400-2-2-640x395.jpg 640w, http:\/\/www.rosanerosiamonoi.it\/palermocalcio\/wp-content\/uploads\/2019\/05\/tribunale-federale-nazionale-622x400-2-2.jpg 905w\" sizes=\"(max-width: 520px) 100vw, 520px\" \/><\/a><\/p>\n<p>Dopo la richiesta della Procura federale con la retrocessione all&#8217;ultimo posto del\u00a0<strong>Palermo\u00a0<\/strong>e l&#8217;inibizione per Zamparini, Morosi e Giammarva arrivano due importanti novit\u00e0 dal TFN: la prima \u00e8\u00a0 &#8211; secondo quanto riporta\u00a0<em>Tuttomercatoweb\u00a0<\/em>&#8211; che \u00e8\u00a0stato ammesso il\u00a0<strong>Benevento\u00a0<\/strong>come parte interessata ma in appello il club del Presidente Vigorito non verr\u00e0 preso in considerazione.<\/p>\n<p>Ma il Tribunale federale nazionale della Figc a Roma\u00a0non potr\u00e0 non prendere in considerazione che c&#8217;\u00e8 gi\u00e0 un pronunciamento a favore di Zamparini e la societ\u00e0 da parte della giustizia ordinaria confermata in via definitiva in Cassazione ed un&#8217;altro deliberato importante: rifacendosi all\u2019arresto giurisprudenziale legato alla vicenda\u00a0<strong>Cannavaro\u00a0<\/strong>ai tempi brillantemente sollecitato dall\u2019Avvocato Luciano Ruggiero Malagnini, in forza di queste considerazioni alla fine\u00a0 il procedimento nei confronti del Palermo\u00a0<strong>dovrebbe essere dichiarato improcedibile<\/strong> ed in ogni caso il Palermo non verrebbe retrocesso in C come vorrebbe la Procura che ha chiesto perlatro solo la retrocessione e non in alternativa punti di penalizzazione.<\/p>\n<p>Ora si attende di conoscere quale sar\u00e0 la decisione dei giudici che stanno discutendo su fatti , come detto, che gi\u00e0 la giustizia ordinaria ha ritenuto privi di fondamento ed in questo caso a nostro giudizio sono insussistenti e per questo l&#8217;unica decisione corretta dovrebbe essere l&#8217;improcedibilit\u00e0 e la chiusura definitiva del caso con buona pace degli &#8220;odiatori&#8221; di Zamparini ed il Palermo che si sono manifestati in questi mesi sotto mutevoli forme.<\/p>\n<p>E visto che siamo garantisti e che gi\u00e0 come detto c&#8217;\u00e8 stato l&#8217;autorevole pronuciamento\u00a0 della giustizia ordinaria ci perdonino tutti se non possiamo non credere che la dichiarazione di improcedibilit\u00e0 sia la conseguenza logica a quanto in discussione questa mattina, anzi per essere pi\u00f9 precisi, l&#8217;udienza \u00e8\u00a0cominciata intorno alle ore 12.00, con circa un&#8217;ora di ritardo sull&#8217;orario previsto.<\/p>\n<p>Nelle prossime ora sapremo quale sar\u00e0 la decisione ufficiale e ci riserviamo qualsiasi altro commento dopo la pubblicazione.<\/p>\n<p>&nbsp;<\/p>\n","protected":false},"excerpt":{"rendered":"<p>Dopo la richiesta della Procura federale con la retrocessione all&#8217;ultimo posto del\u00a0Palermo\u00a0e l&#8217;inibizione per Zamparini, Morosi e Giammarva arrivano due importanti novit\u00e0 dal TFN: la prima \u00e8\u00a0 &#8211; secondo quanto riporta\u00a0Tuttomercatoweb\u00a0&#8211; che \u00e8\u00a0stato ammesso il\u00a0Benevento\u00a0come parte interessata ma in appello il club del Presidente Vigorito non verr\u00e0 preso in considerazione. Ma il Tribunale federale nazionale [&hellip;]<\/p>\n","protected":false},"author":2,"featured_media":8867,"comment_status":"closed","ping_status":"open","sticky":false,"template":"","format":"standard","meta":[],"categories":[10,1,6],"tags":[1408,103,335,106,6,1407],"_links":{"self":[{"href":"http:\/\/www.rosanerosiamonoi.it\/palermocalcio\/wp-json\/wp\/v2\/posts\/8864"}],"collection":[{"href":"http:\/\/www.rosanerosiamonoi.it\/palermocalcio\/wp-json\/wp\/v2\/posts"}],"about":[{"href":"http:\/\/www.rosanerosiamonoi.it\/palermocalcio\/wp-json\/wp\/v2\/types\/post"}],"author":[{"embeddable":true,"href":"http:\/\/www.rosanerosiamonoi.it\/palermocalcio\/wp-json\/wp\/v2\/users\/2"}],"replies":[{"embeddable":true,"href":"http:\/\/www.rosanerosiamonoi.it\/palermocalcio\/wp-json\/wp\/v2\/comments?post=8864"}],"version-history":[{"count":3,"href":"http:\/\/www.rosanerosiamonoi.it\/palermocalcio\/wp-json\/wp\/v2\/posts\/8864\/revisions"}],"predecessor-version":[{"id":8870,"href":"http:\/\/www.rosanerosiamonoi.it\/palermocalcio\/wp-json\/wp\/v2\/posts\/8864\/revisions\/8870"}],"wp:featuredmedia":[{"embeddable":true,"href":"http:\/\/www.rosanerosiamonoi.it\/palermocalcio\/wp-json\/wp\/v2\/media\/8867"}],"wp:attachment":[{"href":"http:\/\/www.rosanerosiamonoi.it\/palermocalcio\/wp-json\/wp\/v2\/media?parent=8864"}],"wp:term":[{"taxonomy":"category","embeddable":true,"href":"http:\/\/www.rosanerosiamonoi.it\/palermocalcio\/wp-json\/wp\/v2\/categories?post=8864"},{"taxonomy":"post_tag","embeddable":true,"href":"http:\/\/www.rosanerosiamonoi.it\/palermocalcio\/wp-json\/wp\/v2\/tags?post=8864"}],"curies":[{"name":"wp","href":"https:\/\/api.w.org\/{rel}","templated":true}]}}