{"id":8871,"date":"2019-05-11T01:39:44","date_gmt":"2019-05-10T23:39:44","guid":{"rendered":"http:\/\/www.rosanerosiamonoi.it\/palermocalcio\/?p=8871"},"modified":"2019-05-11T08:28:51","modified_gmt":"2019-05-11T06:28:51","slug":"conferenza-stampa-rossi-vincere-con-il-cittadella-video-integrale","status":"publish","type":"post","link":"http:\/\/www.rosanerosiamonoi.it\/palermocalcio\/2019\/05\/11\/conferenza-stampa-rossi-vincere-con-il-cittadella-video-integrale\/","title":{"rendered":"Conferenza stampa Rossi: &#8220;Vincere con il Cittadella&#8221;  (VIDEO integrale)"},"content":{"rendered":"<p style=\"text-align: center;\"><a href=\"http:\/\/www.rosanerosiamonoi.it\/palermocalcio\/2019\/05\/11\/conferenza-stampa-rossi-vincere-con-il-cittadella-video-integrale\/palermo-cittadella\/\" rel=\"attachment wp-att-8872\"><img decoding=\"async\" loading=\"lazy\" class=\"aligncenter wp-image-8872\" src=\"http:\/\/www.rosanerosiamonoi.it\/palermocalcio\/wp-content\/uploads\/2019\/05\/palermo-cittadella-520x366.jpg\" alt=\"\" width=\"317\" height=\"223\" srcset=\"http:\/\/www.rosanerosiamonoi.it\/palermocalcio\/wp-content\/uploads\/2019\/05\/palermo-cittadella-520x366.jpg 520w, http:\/\/www.rosanerosiamonoi.it\/palermocalcio\/wp-content\/uploads\/2019\/05\/palermo-cittadella.jpg 568w\" sizes=\"(max-width: 317px) 100vw, 317px\" \/><\/a><\/p>\n<p>L&#8217;allenatore del Palermo \u00e8 consapevole che con il <strong>Cittadella<\/strong> oggi pomeriggio bisogner\u00e0 vincere e sperare che lo <strong>Spezia<\/strong> fermi almeno con un pari il <strong>Lecce<\/strong> per festeggiare cos\u00ec la promozione diretta in serie A dei rosanero.<br \/>\nSi gioca al Barbera alle ore 15.00.<\/p>\n<p>La squadra \u00e8 serena e concentrata solo per arrivare alla vittoria e rendere felici gli oltre 30 mila che sono attesi alla Favorita oggi Barbera sognando e credendo nel sorpasso nell&#8217;ultima di campionato della serie B ed esplodere di gioia per una promozione diretta che gli allenatori del Palermo con le loro scelte con moduli fallimentari e giocatori di conseguenza messi fuori ruolo hanno costretto ad arrivare all&#8217;ultima giornata legati alla speranza di un successo dello Spezia con il Lecce attualmente un punto avanti ai rosanero.<\/p>\n<p>Che lo diciamo a fare che in questa ultima partita dovremmo giocare tutti all&#8217;attacco preoccupandoci di fare solo tanti gol e mettendo da parte se rischiamo di prendere anche qualcuno anche noi &#8230; importante solo farne uno in pi\u00f9 degli avversari &#8230;conta solo questo e basta.<\/p>\n<p>AndiAmoci !!!<\/p>\n<p>&nbsp;<\/p>\n<p><iframe loading=\"lazy\" src=\"https:\/\/www.youtube.com\/embed\/B_Y7yhj-owQ\" width=\"656\" height=\"408\" frameborder=\"0\" allowfullscreen=\"allowfullscreen\"><span data-mce-type=\"bookmark\" style=\"display: inline-block; width: 0px; overflow: hidden; line-height: 0;\" class=\"mce_SELRES_start\">\ufeff<\/span><\/iframe><\/p>\n","protected":false},"excerpt":{"rendered":"<p>L&#8217;allenatore del Palermo \u00e8 consapevole che con il Cittadella oggi pomeriggio bisogner\u00e0 vincere e sperare che lo Spezia fermi almeno con un pari il Lecce per festeggiare cos\u00ec la promozione diretta in serie A dei rosanero. Si gioca al Barbera alle ore 15.00. La squadra \u00e8 serena e concentrata solo per arrivare alla vittoria e [&hellip;]<\/p>\n","protected":false},"author":2,"featured_media":8873,"comment_status":"closed","ping_status":"open","sticky":false,"template":"","format":"standard","meta":[],"categories":[43,10,1,6,44],"tags":[1405,790,103,1404,6],"_links":{"self":[{"href":"http:\/\/www.rosanerosiamonoi.it\/palermocalcio\/wp-json\/wp\/v2\/posts\/8871"}],"collection":[{"href":"http:\/\/www.rosanerosiamonoi.it\/palermocalcio\/wp-json\/wp\/v2\/posts"}],"about":[{"href":"http:\/\/www.rosanerosiamonoi.it\/palermocalcio\/wp-json\/wp\/v2\/types\/post"}],"author":[{"embeddable":true,"href":"http:\/\/www.rosanerosiamonoi.it\/palermocalcio\/wp-json\/wp\/v2\/users\/2"}],"replies":[{"embeddable":true,"href":"http:\/\/www.rosanerosiamonoi.it\/palermocalcio\/wp-json\/wp\/v2\/comments?post=8871"}],"version-history":[{"count":4,"href":"http:\/\/www.rosanerosiamonoi.it\/palermocalcio\/wp-json\/wp\/v2\/posts\/8871\/revisions"}],"predecessor-version":[{"id":8878,"href":"http:\/\/www.rosanerosiamonoi.it\/palermocalcio\/wp-json\/wp\/v2\/posts\/8871\/revisions\/8878"}],"wp:featuredmedia":[{"embeddable":true,"href":"http:\/\/www.rosanerosiamonoi.it\/palermocalcio\/wp-json\/wp\/v2\/media\/8873"}],"wp:attachment":[{"href":"http:\/\/www.rosanerosiamonoi.it\/palermocalcio\/wp-json\/wp\/v2\/media?parent=8871"}],"wp:term":[{"taxonomy":"category","embeddable":true,"href":"http:\/\/www.rosanerosiamonoi.it\/palermocalcio\/wp-json\/wp\/v2\/categories?post=8871"},{"taxonomy":"post_tag","embeddable":true,"href":"http:\/\/www.rosanerosiamonoi.it\/palermocalcio\/wp-json\/wp\/v2\/tags?post=8871"}],"curies":[{"name":"wp","href":"https:\/\/api.w.org\/{rel}","templated":true}]}}