{"id":8973,"date":"2019-05-25T15:58:52","date_gmt":"2019-05-25T13:58:52","guid":{"rendered":"http:\/\/www.rosanerosiamonoi.it\/palermocalcio\/?p=8973"},"modified":"2019-05-25T18:15:10","modified_gmt":"2019-05-25T16:15:10","slug":"11-memorial-falcone-borsellino-e-gli-angeli-della-scorta-diego-tutrone","status":"publish","type":"post","link":"http:\/\/www.rosanerosiamonoi.it\/palermocalcio\/2019\/05\/25\/11-memorial-falcone-borsellino-e-gli-angeli-della-scorta-diego-tutrone\/","title":{"rendered":"11\u00b0 Memorial Falcone-Borsellino e gli Angeli della scorta, Diego Tutrone (VIDEO)"},"content":{"rendered":"<p><a href=\"http:\/\/www.rosanerosiamonoi.it\/palermocalcio\/2019\/05\/25\/11-memorial-falcone-borsellino-e-gli-angeli-della-scorta-diego-tutrone\/memorial-bambini-2\/\" rel=\"attachment wp-att-8981\"><img decoding=\"async\" loading=\"lazy\" src=\"http:\/\/www.rosanerosiamonoi.it\/palermocalcio\/wp-content\/uploads\/2019\/05\/memorial-bambini-2-520x293.jpg\" alt=\"\" width=\"520\" height=\"293\" class=\"aligncenter size-medium wp-image-8981\" srcset=\"http:\/\/www.rosanerosiamonoi.it\/palermocalcio\/wp-content\/uploads\/2019\/05\/memorial-bambini-2-520x293.jpg 520w, http:\/\/www.rosanerosiamonoi.it\/palermocalcio\/wp-content\/uploads\/2019\/05\/memorial-bambini-2-768x432.jpg 768w, http:\/\/www.rosanerosiamonoi.it\/palermocalcio\/wp-content\/uploads\/2019\/05\/memorial-bambini-2-1024x576.jpg 1024w, http:\/\/www.rosanerosiamonoi.it\/palermocalcio\/wp-content\/uploads\/2019\/05\/memorial-bambini-2-640x360.jpg 640w, http:\/\/www.rosanerosiamonoi.it\/palermocalcio\/wp-content\/uploads\/2019\/05\/memorial-bambini-2.jpg 1920w\" sizes=\"(max-width: 520px) 100vw, 520px\" \/><\/a><br \/>\n<strong>11\u00b0 Memorial Falcone-Borsellino e gli Angeli della scorta <\/strong>del 24 Maggio 2019. <strong>Diego Tutrone<\/strong> allenatore Cus Palermo ed ex allenatore giovanili Palermo sottolinea l&#8217;importanza dei memorial perch\u00e8 senza la memoria non pu\u00f2 esserci nessun futuro ecco perch\u00e8 oggi era importante essere presenti.<br \/>\n<iframe loading=\"lazy\" width=\"656\" height=\"408\" src=\"https:\/\/www.youtube.com\/embed\/dlhtnw-bT4k\" frameborder=\"0\" allow=\"accelerometer; autoplay; encrypted-media; gyroscope; picture-in-picture\" allowfullscreen><\/iframe><\/p>\n","protected":false},"excerpt":{"rendered":"<p>11\u00b0 Memorial Falcone-Borsellino e gli Angeli della scorta del 24 Maggio 2019. Diego Tutrone allenatore Cus Palermo ed ex allenatore giovanili Palermo sottolinea l&#8217;importanza dei memorial perch\u00e8 senza la memoria non pu\u00f2 esserci nessun futuro ecco perch\u00e8 oggi era importante essere presenti.<\/p>\n","protected":false},"author":2,"featured_media":8976,"comment_status":"closed","ping_status":"open","sticky":false,"template":"","format":"standard","meta":[],"categories":[10,1],"tags":[1446,138,1443,1449,359,1249,244],"_links":{"self":[{"href":"http:\/\/www.rosanerosiamonoi.it\/palermocalcio\/wp-json\/wp\/v2\/posts\/8973"}],"collection":[{"href":"http:\/\/www.rosanerosiamonoi.it\/palermocalcio\/wp-json\/wp\/v2\/posts"}],"about":[{"href":"http:\/\/www.rosanerosiamonoi.it\/palermocalcio\/wp-json\/wp\/v2\/types\/post"}],"author":[{"embeddable":true,"href":"http:\/\/www.rosanerosiamonoi.it\/palermocalcio\/wp-json\/wp\/v2\/users\/2"}],"replies":[{"embeddable":true,"href":"http:\/\/www.rosanerosiamonoi.it\/palermocalcio\/wp-json\/wp\/v2\/comments?post=8973"}],"version-history":[{"count":6,"href":"http:\/\/www.rosanerosiamonoi.it\/palermocalcio\/wp-json\/wp\/v2\/posts\/8973\/revisions"}],"predecessor-version":[{"id":8984,"href":"http:\/\/www.rosanerosiamonoi.it\/palermocalcio\/wp-json\/wp\/v2\/posts\/8973\/revisions\/8984"}],"wp:featuredmedia":[{"embeddable":true,"href":"http:\/\/www.rosanerosiamonoi.it\/palermocalcio\/wp-json\/wp\/v2\/media\/8976"}],"wp:attachment":[{"href":"http:\/\/www.rosanerosiamonoi.it\/palermocalcio\/wp-json\/wp\/v2\/media?parent=8973"}],"wp:term":[{"taxonomy":"category","embeddable":true,"href":"http:\/\/www.rosanerosiamonoi.it\/palermocalcio\/wp-json\/wp\/v2\/categories?post=8973"},{"taxonomy":"post_tag","embeddable":true,"href":"http:\/\/www.rosanerosiamonoi.it\/palermocalcio\/wp-json\/wp\/v2\/tags?post=8973"}],"curies":[{"name":"wp","href":"https:\/\/api.w.org\/{rel}","templated":true}]}}