{"id":9033,"date":"2019-05-28T19:27:50","date_gmt":"2019-05-28T17:27:50","guid":{"rendered":"http:\/\/www.rosanerosiamonoi.it\/palermocalcio\/?p=9033"},"modified":"2019-05-28T19:27:53","modified_gmt":"2019-05-28T17:27:53","slug":"orlando-dopo-lo-scippo-dello-scorso-anno-basta-altre-ingiustizie","status":"publish","type":"post","link":"http:\/\/www.rosanerosiamonoi.it\/palermocalcio\/2019\/05\/28\/orlando-dopo-lo-scippo-dello-scorso-anno-basta-altre-ingiustizie\/","title":{"rendered":"Orlando: &#8220;Dopo lo scippo dello scorso anno &#8230;.&#8221; basta &#8220;altre ingiustizie !&#8221;"},"content":{"rendered":"<p>&nbsp;<\/p>\n<h1 class=\"pf-title\" style=\"text-align: center;\">Orlando: \u201cPalermo, giocatori e tifosi non meritano altre ingiustizie\u201d<\/h1>\n<p style=\"text-align: center;\"><a href=\"http:\/\/www.rosanerosiamonoi.it\/palermocalcio\/2019\/05\/28\/orlando-dopo-lo-scippo-dello-scorso-anno-basta-altre-ingiustizie\/leoluca-orlando-681x381\/\" rel=\"attachment wp-att-9036\"><img decoding=\"async\" loading=\"lazy\" class=\"aligncenter size-medium wp-image-9036\" src=\"http:\/\/www.rosanerosiamonoi.it\/palermocalcio\/wp-content\/uploads\/2019\/05\/leoluca-orlando-681x381-520x291.jpg\" alt=\"\" width=\"520\" height=\"291\" srcset=\"http:\/\/www.rosanerosiamonoi.it\/palermocalcio\/wp-content\/uploads\/2019\/05\/leoluca-orlando-681x381-520x291.jpg 520w, http:\/\/www.rosanerosiamonoi.it\/palermocalcio\/wp-content\/uploads\/2019\/05\/leoluca-orlando-681x381-640x358.jpg 640w, http:\/\/www.rosanerosiamonoi.it\/palermocalcio\/wp-content\/uploads\/2019\/05\/leoluca-orlando-681x381.jpg 681w\" sizes=\"(max-width: 520px) 100vw, 520px\" \/><\/a><\/p>\n<p class=\"pf-title\" style=\"text-align: left;\">\n<p>Il sindaco di\u00a0<strong>Palermo<\/strong>, Leoluca\u00a0<strong>Orlando<\/strong>,\u00a0 attraverso un post diramato sui propri profili social confida nella Giustizia Sportiva in vista dell\u2019udienza che nella giornata di domani\u00a0 mercoled\u00ec 29 maggio decider\u00e0 le sorti del club di Viale del Fante dopo un&#8217;ingiusta decisione stranamente immediatamente esecutiva.<\/p>\n<p>Il primo cittadino,\u00a0 si \u00e8 detto fiducioso sull\u2019esito dell\u2019udienza alla Corte Federale d\u2019Appello e si aspetta\u00a0 in sostanza che annuller\u00e0 la retrocessione in C dei rosanero modificando completamente il primo grado di giudizio perch\u00e8 il concetto \u00e8 che sarebbe mostruoso non farlo dopo <strong>&#8220;lo scippo dello scorso anno&#8221;<\/strong> e che sarebbe veramente troppo compiere &#8220;<strong>altre<\/strong> ingiustizie&#8221; nei confronti della Citt\u00e0. del Palermo, dei giocatori e dei tifosi.<\/p>\n<p>Personalmente condividiamo il suo pensiero su quel che sta succedendo al Palermo oggi ed \u00e8 successo\u00a0 con\u00a0 <strong>&#8220;lo scippo dello scorso anno&#8221; <\/strong>culminato con tre squadre abusive in serie A al posto del Palermo e ques&#8217;anno con un atto che lasciamo al vostro giudizio come giudicare &#8230;. e che trova facilmente una risposta in quanto scrive Orlando:\u00a0 &#8220;Palermo, i giocatori e i tifosi <strong>non meritano altre ingiustizie<\/strong>.&#8221;<\/p>\n<p class=\"pf-title\" style=\"text-align: left;\"><a href=\"http:\/\/www.rosanerosiamonoi.it\/palermocalcio\/2019\/05\/28\/orlando-dopo-lo-scippo-dello-scorso-anno-basta-altre-ingiustizie\/leoluca-orlando-accanto-al-palermo\/\" rel=\"attachment wp-att-9035\"><img decoding=\"async\" loading=\"lazy\" class=\"aligncenter size-medium wp-image-9035\" src=\"http:\/\/www.rosanerosiamonoi.it\/palermocalcio\/wp-content\/uploads\/2019\/05\/leoluca-orlando-accanto-al-palermo-520x518.png\" alt=\"\" width=\"520\" height=\"518\" srcset=\"http:\/\/www.rosanerosiamonoi.it\/palermocalcio\/wp-content\/uploads\/2019\/05\/leoluca-orlando-accanto-al-palermo-520x518.png 520w, http:\/\/www.rosanerosiamonoi.it\/palermocalcio\/wp-content\/uploads\/2019\/05\/leoluca-orlando-accanto-al-palermo-150x150.png 150w, http:\/\/www.rosanerosiamonoi.it\/palermocalcio\/wp-content\/uploads\/2019\/05\/leoluca-orlando-accanto-al-palermo.png 768w, http:\/\/www.rosanerosiamonoi.it\/palermocalcio\/wp-content\/uploads\/2019\/05\/leoluca-orlando-accanto-al-palermo-100x100.png 100w, http:\/\/www.rosanerosiamonoi.it\/palermocalcio\/wp-content\/uploads\/2019\/05\/leoluca-orlando-accanto-al-palermo-200x200.png 200w, http:\/\/www.rosanerosiamonoi.it\/palermocalcio\/wp-content\/uploads\/2019\/05\/leoluca-orlando-accanto-al-palermo-50x50.png 50w, http:\/\/www.rosanerosiamonoi.it\/palermocalcio\/wp-content\/uploads\/2019\/05\/leoluca-orlando-accanto-al-palermo-640x638.png 640w, http:\/\/www.rosanerosiamonoi.it\/palermocalcio\/wp-content\/uploads\/2019\/05\/leoluca-orlando-accanto-al-palermo-144x144.png 144w\" sizes=\"(max-width: 520px) 100vw, 520px\" \/><\/a><\/p>\n","protected":false},"excerpt":{"rendered":"<p>&nbsp; Orlando: \u201cPalermo, giocatori e tifosi non meritano altre ingiustizie\u201d Il sindaco di\u00a0Palermo, Leoluca\u00a0Orlando,\u00a0 attraverso un post diramato sui propri profili social confida nella Giustizia Sportiva in vista dell\u2019udienza che nella giornata di domani\u00a0 mercoled\u00ec 29 maggio decider\u00e0 le sorti del club di Viale del Fante dopo un&#8217;ingiusta decisione stranamente immediatamente esecutiva. Il primo cittadino,\u00a0 [&hellip;]<\/p>\n","protected":false},"author":2,"featured_media":9036,"comment_status":"closed","ping_status":"open","sticky":false,"template":"","format":"standard","meta":[],"categories":[10,1,6],"tags":[1425,277,103,672,106,1411,6],"_links":{"self":[{"href":"http:\/\/www.rosanerosiamonoi.it\/palermocalcio\/wp-json\/wp\/v2\/posts\/9033"}],"collection":[{"href":"http:\/\/www.rosanerosiamonoi.it\/palermocalcio\/wp-json\/wp\/v2\/posts"}],"about":[{"href":"http:\/\/www.rosanerosiamonoi.it\/palermocalcio\/wp-json\/wp\/v2\/types\/post"}],"author":[{"embeddable":true,"href":"http:\/\/www.rosanerosiamonoi.it\/palermocalcio\/wp-json\/wp\/v2\/users\/2"}],"replies":[{"embeddable":true,"href":"http:\/\/www.rosanerosiamonoi.it\/palermocalcio\/wp-json\/wp\/v2\/comments?post=9033"}],"version-history":[{"count":2,"href":"http:\/\/www.rosanerosiamonoi.it\/palermocalcio\/wp-json\/wp\/v2\/posts\/9033\/revisions"}],"predecessor-version":[{"id":9038,"href":"http:\/\/www.rosanerosiamonoi.it\/palermocalcio\/wp-json\/wp\/v2\/posts\/9033\/revisions\/9038"}],"wp:featuredmedia":[{"embeddable":true,"href":"http:\/\/www.rosanerosiamonoi.it\/palermocalcio\/wp-json\/wp\/v2\/media\/9036"}],"wp:attachment":[{"href":"http:\/\/www.rosanerosiamonoi.it\/palermocalcio\/wp-json\/wp\/v2\/media?parent=9033"}],"wp:term":[{"taxonomy":"category","embeddable":true,"href":"http:\/\/www.rosanerosiamonoi.it\/palermocalcio\/wp-json\/wp\/v2\/categories?post=9033"},{"taxonomy":"post_tag","embeddable":true,"href":"http:\/\/www.rosanerosiamonoi.it\/palermocalcio\/wp-json\/wp\/v2\/tags?post=9033"}],"curies":[{"name":"wp","href":"https:\/\/api.w.org\/{rel}","templated":true}]}}