{"id":9097,"date":"2019-06-04T12:15:02","date_gmt":"2019-06-04T10:15:02","guid":{"rendered":"http:\/\/www.rosanerosiamonoi.it\/palermocalcio\/?p=9097"},"modified":"2019-06-04T12:53:39","modified_gmt":"2019-06-04T10:53:39","slug":"luca-pancalli-a-palermo-video","status":"publish","type":"post","link":"http:\/\/www.rosanerosiamonoi.it\/palermocalcio\/2019\/06\/04\/luca-pancalli-a-palermo-video\/","title":{"rendered":"Luca Pancalli a Palermo (VIDEO)"},"content":{"rendered":"<p><a href=\"http:\/\/www.rosanerosiamonoi.it\/palermocalcio\/2019\/06\/04\/luca-pancalli-a-palermo-video\/110_anni_scherma_pancalli_mattarella\/\" rel=\"attachment wp-att-9098\"><img decoding=\"async\" loading=\"lazy\" src=\"http:\/\/www.rosanerosiamonoi.it\/palermocalcio\/wp-content\/uploads\/2019\/06\/110_anni_scherma_Pancalli_Mattarella-520x435.jpg\" alt=\"\" width=\"520\" height=\"435\" class=\"aligncenter size-medium wp-image-9098\" srcset=\"http:\/\/www.rosanerosiamonoi.it\/palermocalcio\/wp-content\/uploads\/2019\/06\/110_anni_scherma_Pancalli_Mattarella-520x435.jpg 520w, http:\/\/www.rosanerosiamonoi.it\/palermocalcio\/wp-content\/uploads\/2019\/06\/110_anni_scherma_Pancalli_Mattarella-768x642.jpg 768w, http:\/\/www.rosanerosiamonoi.it\/palermocalcio\/wp-content\/uploads\/2019\/06\/110_anni_scherma_Pancalli_Mattarella-1024x856.jpg 1024w, http:\/\/www.rosanerosiamonoi.it\/palermocalcio\/wp-content\/uploads\/2019\/06\/110_anni_scherma_Pancalli_Mattarella-640x535.jpg 640w, http:\/\/www.rosanerosiamonoi.it\/palermocalcio\/wp-content\/uploads\/2019\/06\/110_anni_scherma_Pancalli_Mattarella.jpg 1420w\" sizes=\"(max-width: 520px) 100vw, 520px\" \/><\/a><br \/>\nIl Presidente Nazionale del Comitato Italiano Paralimpico , <strong>Luca Pancalli<\/strong> ai nostri microfoni ci parla e commenta gli avvenimenti della giornata che lo hanno visto protagonista a Palermo.<\/p>\n<p>In mattinata al Palazzo Reale per i 110 anni della Federazione Italiana Scherma e la presentazione dei Campionati Italiani paraplegici che si disputerenno in questi giorni a Palermo che ha visto la prestigiosa presenza anche del Presidente della Repubblica,<strong> Sergio Mattarella<\/strong> e del Presidente Nazionale Coni, <strong>Giovanni Malag\u00f2<\/strong>\u00a0.<\/p>\n<p>Nel pomeriggio la consegna delle Benemerenze ad atleti , tecnici, dirigenti del mondo paralimpico siciliano alla presenza fra gli altri anche del Sindaco di Palermo, <strong>Leoluca Orlando<\/strong> e del Presidente Regionale CONI, <strong>Sergio D&#8217;antoni<\/strong>.<\/p>\n<p>&nbsp;<br \/>\n<iframe loading=\"lazy\" width=\"656\" height=\"408\" src=\"https:\/\/www.youtube.com\/embed\/JkMJrQIY5xM\" frameborder=\"0\" allow=\"accelerometer; autoplay; encrypted-media; gyroscope; picture-in-picture\" allowfullscreen><\/iframe><\/p>\n<p>Dal sito ufficiale del Cip resoconto giornata al Palazzo Reale <\/p>\n<p>&#8220;La scherma \u00e8 inserita pienamente nella societ\u00e0 del nostro Paese: ne fa parte totalmente. \u00c8 uno sport genuino, non \u00e8 un mondo artificiale&#8221;. Sono queste le parole pronunciate dal Presidente della Repubblica Sergio Mattarella in occasione delle celebrazioni, a Palermo, per la ricorrenza dei 110 anni della Federazione Italiana Scherma. &#8220;Un mondo che &#8211; ha detto il Presidente della Repubblica &#8211; \u00e8 affascinante e si fonda sulla passione che fa accettare e superare i sacrifici e gli impegni che lo sport richiede. La prestazione sportiva \u00e8 realizzata insiema all&#8217;avversario, nel rispetto massimo dello stesso&#8221;<\/p>\n<p>Una giornata che ha visto la partecipazione anche dei rappresentanti istituzionali locali e nazionali. Erano presenti i rappresentanti del mondo paralimpico e olimpico, Luca Pancalli, presidente del CIP,  Giovanni Malag\u00f2, presidente del CONI e i rappresentanti istituzionali Nello Musumeci, presidente della Regione Sicilia, Leoluca Orlando, sindaco di Palermo, Gianfranco Miccich\u00e9, presidente dell&#8217;Assemblea regionale siciliana. A fare gli onori di casa Giorgio Scarso, presidente della Federazione Italiana Scherma.<\/p>\n<p><a href=\"http:\/\/www.rosanerosiamonoi.it\/palermocalcio\/2019\/06\/04\/luca-pancalli-a-palermo-video\/mattarella_intervento_110\/\" rel=\"attachment wp-att-9102\"><img decoding=\"async\" loading=\"lazy\" src=\"http:\/\/www.rosanerosiamonoi.it\/palermocalcio\/wp-content\/uploads\/2019\/06\/mattarella_intervento_110-508x520.jpg\" alt=\"\" width=\"508\" height=\"520\" class=\"aligncenter size-medium wp-image-9102\" srcset=\"http:\/\/www.rosanerosiamonoi.it\/palermocalcio\/wp-content\/uploads\/2019\/06\/mattarella_intervento_110-508x520.jpg 508w, http:\/\/www.rosanerosiamonoi.it\/palermocalcio\/wp-content\/uploads\/2019\/06\/mattarella_intervento_110-768x786.jpg 768w, http:\/\/www.rosanerosiamonoi.it\/palermocalcio\/wp-content\/uploads\/2019\/06\/mattarella_intervento_110-50x50.jpg 50w, http:\/\/www.rosanerosiamonoi.it\/palermocalcio\/wp-content\/uploads\/2019\/06\/mattarella_intervento_110-640x655.jpg 640w, http:\/\/www.rosanerosiamonoi.it\/palermocalcio\/wp-content\/uploads\/2019\/06\/mattarella_intervento_110.jpg 938w\" sizes=\"(max-width: 508px) 100vw, 508px\" \/><\/a><br \/>\nIl Presidente della Repubblica si \u00e8 poi aperto ai ricordi che lo legano a questa disciplina. &#8220;Non sono mai stato estraneo alla scherma &#8211; ha aggiunto il Capo dello Stato -. Ricordo le medaglie di Irene Camber ad Helsinki 1952. Ho seguito i successi di Valentina Vezzali e di Bebe Vio adesso grazie ai nuovi mass media. Apprezzo la scherma perch\u00e9 \u00e8 riuscita a mantenere inalterati i suoi valori. Non \u00e8 senza significato che l&#8217;istruttore sia chiamato Maestro: c&#8217;\u00e8 un valore pedagogico fondamentale in questo sport&#8221;.<\/p>\n<p>Anni di successi, trionfi e medaglie che rivivono nella mostra &#8220;Un TesOro Italiano&#8221; che espone le medaglie d&#8217;oro vinte dagli atleti di scherma ai Giochi Olimpici e Paralimpici della storia e tutte quelle conquistate dagli atleti siciliani nelle varie edizioni olimpiche e paralimpiche. La mostra ha visto come primo visitatore proprio il Capo dello Stato che, con sguardo attento ed appassionato, si \u00e8 fermato dinanzi ogni teca ricevendo dal Presidente della Federazione Italiana Scherma, Giorgio Scarso, indicazioni, aneddoti e ricordi legati a ciascun momento della storia della scherma azzurra.<\/p>\n<p>Il Presidente Mattarella ha poi incontrato alcuni dei campioni presenti: da Irene Camber, prima donna italiana a vincere una medaglia d&#8217;oro, a Maurizio Randazzo, sino a Valentina Vezzali ed a Carola Mangiarotti, figlia dell&#8217;azzurro pi\u00f9 medagliato della storia.<\/p>\n<p>La cerimonia si \u00e8 spostata successivamente alla Sala &#8220;PierSanti Mattarella&#8221; e la Sala d&#8217; Ercole, dove a celebrare i 110 anni della Federazione Italiana Scherma sono stati i vertici istituzionali e sportivi.<\/p>\n<p>&#8220;Oggi siamo qui per celebrare non solo una realta&#8217; prestigiosa e vincente come la Federazione Italiana Scherma, da sempre fiore all&#8217;occhiello della tradizione sportiva italiana, ma un pezzo di storia e di cultura del nostro Paese. Stiamo parlando, infatti, di una disciplina e di un movimento che nella sua storia ha saputo rappresentare la perfetta sintesi fra modello educativo e dimensione competitiva, di un&#8217;eccellenza italiana&#8221;, ha sottolineato il Presidente del Comitato Italiano Paralimpico Luca Pancalli.<\/p>\n<p>Il Presidente del CONI, Giovanni Malag\u00f2, ha invece fatto emergere il ruolo della scherma italiana nel panorama dello sport azzurro dando risalto agli atleti presenti in sala, da Irene Camber a Valentina Vezzali sino a Carola Mangiarotti.<\/p>\n<p>&#8220;Siamo onorati &#8211; ha detto il Presidente dell&#8217;Assemblea regionale Siciliana, Gianfranco Miccich\u00e9 &#8211; di ospitare non solo il Presidente della Repubblica ma anche la Federazione Italiana Scherma. E&#8217; una nuova occasione per mostrare le bellezze che la Sicilia pu\u00f2 vantare anche in ambito sportivo&#8221;.<\/p>\n<p>A fargli eco \u00e8 stato il Sindaco di Palermo, Leoluca Orlando. &#8220;La scherma &#8211; ha detto il primo cittadino palermitano &#8211; assolve un ruolo di agenzia educativa promuovendo una serie di valori come la lealt\u00e0, la correttezza, il rispetto dell\u2019avversario. Gli atleti della Federazione, venendo qui a Palermo, divengono automaticamente palermitani. La scherma \u00e8 orgoglio d&#8217;Italia e Palermo ha gi\u00e0 vinto ospitando gli assoluti di scherma\u201d.<\/p>\n<p>Il Presidente della Regione Sicilia, Nello Musumeci ha mostrato l&#8217;orgoglio regionale. &#8220;La nostra isola &#8211; ha sottolineato &#8211; si trasforma in in una grande pedana dove i pi\u00f9 sani valori dello sport sono presenti. La scherma ha una solida antica e nobile tradizione presente gi\u00e0 dai tempi dei normanni. Non \u00e8 un caso che la prima medaglia olimpica siciliana giunga proprio dalla scherma, con Pietro Speciale a Stoccolma 1912&#8221;. Il vertice regionale ha poi ricordato alcuni maestri storici siciliani, da Agesilao Greco a Raffaele Manzoni ed al palermitano Triolo, ma anche i grandi eventi ospitati nell&#8217;Isola. &#8220;Lo sport pu\u00f2 diventare una medicina benefica per tanti giovani &#8211; ha aggiunto ancora il vertice regionale &#8211; dobbiamo promuovere la pratica sportiva e far appassionare i pi\u00f9 piccoli allo sport. Ecco perch\u00e9 serve un dialogo tra il Coni, le federazioni e soprattutto le scuole. Ribadisco la volont\u00e0 del governo regionale a fare in modo che, anche nelle periferie si possa praticare lo sport come strumento importante di crescita e formazione\u201d.<\/p>\n<p>Poi la parola \u00e8 passata agli atleti: Maurizio Randazzo, in rappresentanza degli atleti olimpici, e William Russo a nome degli atleti paralimpici.<\/p>\n<p>&#8220;La passione muove tutto ed \u00e8 fondamentale per ogni atleta &#8211; ha evidenziato Maurizio Randazzo, due volte olimpionico a squadre di spada e oggi consigliere federale. La passione dello schermidore non \u00e8 una passione interessata, molti di noi studiano e lavorano e non aspirano ai guadagni. Molti hanno avuto a fianco i gruppi sportivi militari che li hanno supportati. La passione dell\u2019atleta \u00e8 un fuoco che ci fa male ma ci rende felici e ci gratifica. La passione consente di superare momenti di sconforto. L\u2019alternanza tra sconfitte e vittorie ci rende cos\u00ec consapevoli dei nostri limiti e ci guida al rispetto dei valori e della scherma\u201d.<\/p>\n<p>William Russo, palermitano e plurititolato di spada e fioretto paralimpico, ha sottolineato la crescita e lo sviluppo del settore paralimpico. &#8220;Ho iniziato nel 2003 a fare scherma qui a Palermo. Sedici anni dopo mi trovo a vivere un campionato italiano nella mia citt\u00e0. Per me &#8211; ha raccontato Russo &#8211; \u00e8 un grandissimo onore e una grande festa. Agli inizi eravamo 17, oggi siamo pi\u00f9 di 100 in tutta italia: merito della Federazione e del Comitato Italiano Paralimpico. Non siamo pi\u00f9 atleti disabili ma atleti con la A maiuscola\u201d.<\/p>\n<p>&#8220;Stiamo vivendo una delle giornate pi\u00f9 emozionanti della storia della scherma italiana. Una storia fatta da uomini orgogliosi di essere italiani&#8221;, ha evidenziato il Presidente della FIS Giorgio Scarso. Il Presidente federale ha fatto una fotografia della Federazione Italiana Scherma: dal ruolo dei tecnici e dei dirigenti, a quello delle famiglie &#8220;che riconoscono nella scherma una valida agenzia educativa&#8221;. Il vertice della FederScherma ha poi parlato del rapporto con Coni e Cip &#8220;nostri alleati in un proficuo gioco di squadra&#8221;, citando anche i gruppi sportivi militari e corpi civili dello Stato definiti &#8220;corpo sano del Paese&#8221;.<\/p>\n<p>Infine i ringraziamenti agli ospiti, alle istituzioni ed al Presidente della Repubblica. &#8220;Porteremo con noi &#8211; ha concluso Scarso &#8211; l\u2019affetto che la sua presenza oggi esprime e, a nome dell\u2019intero mondo della scherma italiana, le ribadisco la sincera e reale stima e gratitudine&#8221;. <\/p>\n<p>Le celebrazioni dei 110 anni sono proseguite questa mattina presso Palazzo Mazzarino in via Maqueda, con il convegno &#8220;La scherma come strumento di integrazione dei popoli del Mediterraneo&#8221;, alla presenza del Sottosegretario di Stato alla Presidenza del Consiglio dei Ministri, <strong>on.Giancarlo Giorgetti<\/strong>, dei rappresentanti istituzionali e dei componenti il Comitato esecutivo della Confederazione del Mediterraneo di scherma.<\/p>\n<p>Alle 18.00 poi, presso Villa Magnisi, la fondazione Bellisario Sicilia ha organizzato il dibattito sul ruolo della donna nello sport professionistico ed a livello dirigenziale in Italia dal titolo &#8220;Donne Azzurre nello sport: vincenti, ma solo in gara&#8221;.<\/p>\n<p>Alle 20.00, sempre a Villa Magnisi, \u00e8 in programma la cena ufficiale che conclude la due-giorni di celebrazioni per i 110 anni della Federazione Italiana Scherma.<\/p>\n","protected":false},"excerpt":{"rendered":"<p>Il Presidente Nazionale del Comitato Italiano Paralimpico , Luca Pancalli ai nostri microfoni ci parla e commenta gli avvenimenti della giornata che lo hanno visto protagonista a Palermo. In mattinata al Palazzo Reale per i 110 anni della Federazione Italiana Scherma e la presentazione dei Campionati Italiani paraplegici che si disputerenno in questi giorni a [&hellip;]<\/p>\n","protected":false},"author":2,"featured_media":9098,"comment_status":"closed","ping_status":"open","sticky":false,"template":"","format":"standard","meta":[],"categories":[10,1],"tags":[1110,1476,1479,1475,1477,1478],"_links":{"self":[{"href":"http:\/\/www.rosanerosiamonoi.it\/palermocalcio\/wp-json\/wp\/v2\/posts\/9097"}],"collection":[{"href":"http:\/\/www.rosanerosiamonoi.it\/palermocalcio\/wp-json\/wp\/v2\/posts"}],"about":[{"href":"http:\/\/www.rosanerosiamonoi.it\/palermocalcio\/wp-json\/wp\/v2\/types\/post"}],"author":[{"embeddable":true,"href":"http:\/\/www.rosanerosiamonoi.it\/palermocalcio\/wp-json\/wp\/v2\/users\/2"}],"replies":[{"embeddable":true,"href":"http:\/\/www.rosanerosiamonoi.it\/palermocalcio\/wp-json\/wp\/v2\/comments?post=9097"}],"version-history":[{"count":5,"href":"http:\/\/www.rosanerosiamonoi.it\/palermocalcio\/wp-json\/wp\/v2\/posts\/9097\/revisions"}],"predecessor-version":[{"id":9104,"href":"http:\/\/www.rosanerosiamonoi.it\/palermocalcio\/wp-json\/wp\/v2\/posts\/9097\/revisions\/9104"}],"wp:featuredmedia":[{"embeddable":true,"href":"http:\/\/www.rosanerosiamonoi.it\/palermocalcio\/wp-json\/wp\/v2\/media\/9098"}],"wp:attachment":[{"href":"http:\/\/www.rosanerosiamonoi.it\/palermocalcio\/wp-json\/wp\/v2\/media?parent=9097"}],"wp:term":[{"taxonomy":"category","embeddable":true,"href":"http:\/\/www.rosanerosiamonoi.it\/palermocalcio\/wp-json\/wp\/v2\/categories?post=9097"},{"taxonomy":"post_tag","embeddable":true,"href":"http:\/\/www.rosanerosiamonoi.it\/palermocalcio\/wp-json\/wp\/v2\/tags?post=9097"}],"curies":[{"name":"wp","href":"https:\/\/api.w.org\/{rel}","templated":true}]}}