{"id":911,"date":"2013-09-02T14:34:34","date_gmt":"2013-09-02T12:34:34","guid":{"rendered":"http:\/\/www.rosanerosiamonoi.it\/palermocalcio\/?p=911"},"modified":"2013-09-02T19:17:25","modified_gmt":"2013-09-02T17:17:25","slug":"ultimora-verre-al-palermo-con-belotti","status":"publish","type":"post","link":"http:\/\/www.rosanerosiamonoi.it\/palermocalcio\/2013\/09\/02\/ultimora-verre-al-palermo-con-belotti\/","title":{"rendered":"ULTIMORA &#8211; VERRE AL PALERMO con BELOTTI resta SORRENTINO, VIVIANO &#8230;."},"content":{"rendered":"<p><strong>Direttore Sportivo Giarretta Udinese: &#8220;Il Palermo ha chiuso per Verre&#8221;<\/strong><\/p>\n<p><b>Andrea Belotti e Valerio Verre sono ufficialmente due giocatori del Palermo. Belotti si trasferisce dall&#8217;Albinoleffe con la formula del prestito, stessa formula utilizzata dall&#8217;Udinese per Verre.<\/b><\/p>\n<p><b>\u00a0E&#8217; stato inoltre risolto il contratto di Michele Pieri.\u00a0<\/b>Il sito ufficiale rosanero ha comunicato che l\u00b4attaccante del Palermo classe 1992, Michele Pieri, ha rescisso il contratto. Il giocatore originario di Urbino, in passato, era andato in prestito prima al San Marino Calcio e poi al Santarcangelo Calcio.<\/p>\n<p><a href=\"http:\/\/www.rosanerosiamonoi.it\/palermocalcio\/wp-content\/uploads\/2013\/09\/identita.jpg\"><img decoding=\"async\" loading=\"lazy\" class=\"aligncenter size-full wp-image-912\" alt=\"identita\" src=\"http:\/\/www.rosanerosiamonoi.it\/palermocalcio\/wp-content\/uploads\/2013\/09\/identita.jpg\" width=\"300\" height=\"216\" \/><\/a><\/p>\n<p>&nbsp;<\/p>\n<div data-href=\"http:\/\/www.mediagol.it\/articolo.asp?idNotizia=237636\" data-send=\"false\" data-layout=\"button_count\" data-show-faces=\"false\">Il direttore sportivo dell\u00b4Udinese,\u00a0<strong>Cristiano Giarretta<\/strong>, \u00e8 stato intervistato dalla redazione di Calciomercato.it a proposito del prossimo acquisto del Palermo, il centrocampista ex Roma, oggi Udinese \u00a0<strong>Valerio Verre<\/strong>.<\/div>\n<div data-href=\"http:\/\/www.mediagol.it\/articolo.asp?idNotizia=237636\" data-send=\"false\" data-layout=\"button_count\" data-show-faces=\"false\"><\/div>\n<div data-href=\"http:\/\/www.mediagol.it\/articolo.asp?idNotizia=237636\" data-send=\"false\" data-layout=\"button_count\" data-show-faces=\"false\"><\/div>\n<div data-href=\"http:\/\/www.mediagol.it\/articolo.asp?idNotizia=237636\" data-send=\"false\" data-layout=\"button_count\" data-show-faces=\"false\"><a href=\"http:\/\/www.rosanerosiamonoi.it\/palermocalcio\/wp-content\/uploads\/2013\/09\/verre-in-azione.jpg\"><img decoding=\"async\" loading=\"lazy\" class=\"aligncenter size-full wp-image-913\" alt=\"verre in azione\" src=\"http:\/\/www.rosanerosiamonoi.it\/palermocalcio\/wp-content\/uploads\/2013\/09\/verre-in-azione.jpg\" width=\"300\" height=\"166\" \/><\/a><\/div>\n<div data-href=\"http:\/\/www.mediagol.it\/articolo.asp?idNotizia=237636\" data-send=\"false\" data-layout=\"button_count\" data-show-faces=\"false\"><\/div>\n<div data-href=\"http:\/\/www.mediagol.it\/articolo.asp?idNotizia=237636\" data-send=\"false\" data-layout=\"button_count\" data-show-faces=\"false\"><\/div>\n<div data-href=\"http:\/\/www.mediagol.it\/articolo.asp?idNotizia=237636\" data-send=\"false\" data-layout=\"button_count\" data-show-faces=\"false\"><em>&#8220;Nelle prossime ore verr\u00e0 perfezionato il prestito di Verre al Palermo, cos\u00ec Nico Lopez rimarr\u00e0 da noi&#8221;<\/em>, ha rivelato Giarretta.<\/div>\n<div data-href=\"http:\/\/www.mediagol.it\/articolo.asp?idNotizia=237636\" data-send=\"false\" data-layout=\"button_count\" data-show-faces=\"false\"><\/div>\n<div data-href=\"http:\/\/www.mediagol.it\/articolo.asp?idNotizia=237636\" data-send=\"false\" data-layout=\"button_count\" data-show-faces=\"false\"><\/div>\n<div data-href=\"http:\/\/www.mediagol.it\/articolo.asp?idNotizia=237636\" data-send=\"false\" data-layout=\"button_count\" data-show-faces=\"false\"><\/div>\n<div data-href=\"http:\/\/www.mediagol.it\/articolo.asp?idNotizia=237636\" data-send=\"false\" data-layout=\"button_count\" data-show-faces=\"false\"><\/div>\n<div data-href=\"http:\/\/www.mediagol.it\/articolo.asp?idNotizia=237636\" data-send=\"false\" data-layout=\"button_count\" data-show-faces=\"false\"><strong>Centrocampista di qualit\u00e0, \u00e8 un calciatore dotato di una capacit\u00e0 innata nel saper leggere in anticipo il gioco, sia in fase offensiva che difensiva. Ambidestro, \u00e8 abile nei tiri dalla distanza e nei calci piazzati.<\/strong><\/div>\n<div data-href=\"http:\/\/www.mediagol.it\/articolo.asp?idNotizia=237636\" data-send=\"false\" data-layout=\"button_count\" data-show-faces=\"false\"><\/div>\n<div data-href=\"http:\/\/www.mediagol.it\/articolo.asp?idNotizia=237636\" data-send=\"false\" data-layout=\"button_count\" data-show-faces=\"false\"><\/div>\n<div data-href=\"http:\/\/www.mediagol.it\/articolo.asp?idNotizia=237636\" data-send=\"false\" data-layout=\"button_count\" data-show-faces=\"false\"><\/div>\n<div data-href=\"http:\/\/www.mediagol.it\/articolo.asp?idNotizia=237636\" data-send=\"false\" data-layout=\"button_count\" data-show-faces=\"false\"><a href=\"http:\/\/www.rosanerosiamonoi.it\/palermocalcio\/wp-content\/uploads\/2013\/09\/Verrenuova-maglia-roma.jpg\"><img decoding=\"async\" loading=\"lazy\" class=\"aligncenter size-medium wp-image-921\" alt=\"Verrenuova-maglia-roma\" src=\"http:\/\/www.rosanerosiamonoi.it\/palermocalcio\/wp-content\/uploads\/2013\/09\/Verrenuova-maglia-roma-520x346.jpg\" width=\"520\" height=\"346\" srcset=\"http:\/\/www.rosanerosiamonoi.it\/palermocalcio\/wp-content\/uploads\/2013\/09\/Verrenuova-maglia-roma-520x346.jpg 520w, http:\/\/www.rosanerosiamonoi.it\/palermocalcio\/wp-content\/uploads\/2013\/09\/Verrenuova-maglia-roma.jpg 700w\" sizes=\"(max-width: 520px) 100vw, 520px\" \/><\/a><\/div>\n<div data-href=\"http:\/\/www.mediagol.it\/articolo.asp?idNotizia=237636\" data-send=\"false\" data-layout=\"button_count\" data-show-faces=\"false\"><\/div>\n<div data-href=\"http:\/\/www.mediagol.it\/articolo.asp?idNotizia=237636\" data-send=\"false\" data-layout=\"button_count\" data-show-faces=\"false\"><\/div>\n<div data-href=\"http:\/\/www.mediagol.it\/articolo.asp?idNotizia=237636\" data-send=\"false\" data-layout=\"button_count\" data-show-faces=\"false\">\n<p>Cresciuto nelle giovanili della squadra della sua citt\u00e0, la\u00a0<a title=\"Associazione Sportiva Roma\" href=\"http:\/\/it.wikipedia.org\/wiki\/Associazione_Sportiva_Roma\">Roma<\/a>, nella\u00a0<a title=\"Associazione Sportiva Roma 2011-2012\" href=\"http:\/\/it.wikipedia.org\/wiki\/Associazione_Sportiva_Roma_2011-2012\">stagione 2011-2012<\/a>\u00a0conquista la fiducia del neo-tecnico giallorosso\u00a0<a title=\"Luis Enrique\" href=\"http:\/\/it.wikipedia.org\/wiki\/Luis_Enrique\">Luis Enrique<\/a>, che gi\u00e0 in ritiro esprime la sua stima per il giovane giocatore.<\/p>\n<p>L&#8217;allenatore lo fa esordire in prima squadra Il 25 agosto 2011 contro lo\u00a0<a title=\"\u0160portov\u00fd Klub Slovan Bratislava\" href=\"http:\/\/it.wikipedia.org\/wiki\/%C5%A0portov%C3%BD_Klub_Slovan_Bratislava\">Slovan Bratislava<\/a>, gara dei play-off di\u00a0<a title=\"UEFA Europa League 2011-2012\" href=\"http:\/\/it.wikipedia.org\/wiki\/UEFA_Europa_League_2011-2012\">Europa League<\/a>, subentrando al posto di\u00a0<a title=\"Francesco Totti\" href=\"http:\/\/it.wikipedia.org\/wiki\/Francesco_Totti\">Francesco Totti<\/a>; partita terminata per 1-1 che sancisce l&#8217;uscita anticipata dalle\u00a0<a title=\"UEFA Europa League 2011-2012\" href=\"http:\/\/it.wikipedia.org\/wiki\/UEFA_Europa_League_2011-2012\">competizioni europee<\/a>\u00a0della squadra giallorossa.<sup id=\"cite_ref-3\"><a href=\"http:\/\/it.wikipedia.org\/wiki\/Valerio_Verre#cite_note-3\"><br \/>\n<\/a><\/sup><sup id=\"cite_ref-4\"><\/sup><\/p>\n<p>Nell&#8217;estate del 2012 passa in compartecipazione al\u00a0<a title=\"Genoa\" href=\"http:\/\/it.wikipedia.org\/wiki\/Genoa\">Genoa<\/a>\u00a0per 1,5 milioni di euro, nell&#8217;ambito dell&#8217;affare che ha portato\u00a0<a title=\"Mattia Destro\" href=\"http:\/\/it.wikipedia.org\/wiki\/Mattia_Destro\">Mattia Destro<\/a>\u00a0nella capitale.<\/p>\n<p>Nel contempo viene mandato in prestito al\u00a0<a title=\"AC Siena\" href=\"http:\/\/it.wikipedia.org\/wiki\/AC_Siena\">Siena<\/a>\u00a0e debutta in bianconero il 19 agosto in\u00a0<a title=\"Coppa Italia 2012-2013\" href=\"http:\/\/it.wikipedia.org\/wiki\/Coppa_Italia_2012-2013\">Coppa Italia<\/a>nel 4-2 contro il\u00a0<a title=\"Vicenza Calcio\" href=\"http:\/\/it.wikipedia.org\/wiki\/Vicenza_Calcio\">Vicenza<\/a>, segnando il gol del 4-2 al 95&#8242;.\u00a0Debutta in\u00a0<a title=\"Serie A\" href=\"http:\/\/it.wikipedia.org\/wiki\/Serie_A\">Serie A<\/a>\u00a0il 26 agosto giocando da titolare la sfida contro il<a title=\"Torino Football Club\" href=\"http:\/\/it.wikipedia.org\/wiki\/Torino_Football_Club\">Torino<\/a>\u00a0(0-0) e venendo sostituito da\u00a0<a title=\"Alessio Sestu\" href=\"http:\/\/it.wikipedia.org\/wiki\/Alessio_Sestu\">Alessio Sestu<\/a>\u00a0al 57&#8242;.<\/p>\n<p>Il 20 giugno 2013 la\u00a0<a title=\"Associazione Sportiva Roma\" href=\"http:\/\/it.wikipedia.org\/wiki\/Associazione_Sportiva_Roma\">Roma<\/a>\u00a0riscatta la seconda met\u00e0 del giocatore dal\u00a0<a title=\"Genoa\" href=\"http:\/\/it.wikipedia.org\/wiki\/Genoa\">Genoa<\/a>\u00a0per poi, il 13 luglio successivo, cederlo all&#8217;<a title=\"Udinese\" href=\"http:\/\/it.wikipedia.org\/wiki\/Udinese\">Udinese<\/a>\u00a0\u2013 nell&#8217;affare che ha portato in giallorosso il difensore\u00a0<a title=\"Mehdi Benatia\" href=\"http:\/\/it.wikipedia.org\/wiki\/Mehdi_Benatia\">Mehdi Benatia<\/a>\u00a0\u2013 e contestualmente restare in compartecipazione fra le due societ\u00e0, rimanendo cos\u00ec a\u00a0<a title=\"Roma\" href=\"http:\/\/it.wikipedia.org\/wiki\/Roma\">Roma<\/a>\u00a0in cambio di 2,5 milioni di euro.<\/p>\n<p>&nbsp;<\/p>\n<p>&nbsp;<\/p>\n<p><a href=\"http:\/\/www.rosanerosiamonoi.it\/palermocalcio\/wp-content\/uploads\/2013\/09\/Belotti-Andrea.jpg\"><img decoding=\"async\" loading=\"lazy\" class=\"aligncenter size-full wp-image-916\" alt=\"Belotti Andrea\" src=\"http:\/\/www.rosanerosiamonoi.it\/palermocalcio\/wp-content\/uploads\/2013\/09\/Belotti-Andrea.jpg\" width=\"472\" height=\"264\" \/><\/a><\/p>\n<p>&nbsp;<\/p>\n<p>Perinetti conferma l&#8217;arrivo anche \u00a0del giovane\u00a0<em>Andrea Belotti, giovane attaccante di prospettiva gi\u00e0 selezionato anche per l\u00b4Under 21<\/em>\u00a0&#8211; ha svelato il responsabile dell\u00b4area tecnica rosanero -.\u00a0<em>La trattativa \u00e8 molto bene avviata. Belotti sar\u00e0 una soluzione in pi\u00f9 per l\u00b4attacco.<\/em><\/p>\n<h4>LEGA PRO e LA GAZZETTA DELLO SPORT hanno istituito i premi per miglior giovane e miglior marcatore giovane anche per la stagione 2012-13.<\/h4>\n<h4>Quest&#8217;anno a portare a casa i due riconoscimenti \u00e8 Andrea Belotti, l&#8217;attaccante dell&#8217;Albinoleffe.<\/h4>\n<p>Dopo il successo della scorsa edizione, la Lega Pro e La Gazzetta dello Sport hanno istituito i due Premi Cestani (miglior giovane) e Laudano (miglior marcatore giovane) anche per la stagione 2012-13.<\/p>\n<p>Quest&#8217;anno a portare a casa i due riconoscimenti \u00e8 l&#8217;<strong>attaccante dell&#8217;Albinoleffe, Andrea Belotti<\/strong>.<\/p>\n<p>Il giovane, classe 1993 e al suo primo anno da titolare tra i professionisti, fa doppietta, vincendo il <strong><em>Premio Laudano<\/em><\/strong> con <strong>12 reti segnate<\/strong> e il <strong><em>Premio Cestani <\/em><\/strong>grazie a <strong>30 partite e 2.597 minuti disputati con una media voto di 6.55<\/strong>.<\/p>\n<p>Ancora una volta il campionato di Lega Pro, con le sue iniziative legate alla valorizzazione dei giovani, si dimostra il trampolino di lancio perfetto per i calciatori verso le serie maggiori: su Belotti, infatti, c&#8217;erano gli occhi di societ\u00e0 come Milan e Cagliari.<\/p>\n<p>&nbsp;<\/p>\n<p><a href=\"http:\/\/www.rosanerosiamonoi.it\/palermocalcio\/wp-content\/uploads\/2013\/09\/Sorrentino.jpg\"><img decoding=\"async\" loading=\"lazy\" class=\"aligncenter size-full wp-image-923\" alt=\"Sorrentino\" src=\"http:\/\/www.rosanerosiamonoi.it\/palermocalcio\/wp-content\/uploads\/2013\/09\/Sorrentino.jpg\" width=\"220\" height=\"220\" srcset=\"http:\/\/www.rosanerosiamonoi.it\/palermocalcio\/wp-content\/uploads\/2013\/09\/Sorrentino.jpg 220w, http:\/\/www.rosanerosiamonoi.it\/palermocalcio\/wp-content\/uploads\/2013\/09\/Sorrentino-150x150.jpg 150w, http:\/\/www.rosanerosiamonoi.it\/palermocalcio\/wp-content\/uploads\/2013\/09\/Sorrentino-50x50.jpg 50w\" sizes=\"(max-width: 220px) 100vw, 220px\" \/><\/a><\/p>\n<p>&nbsp;<\/p>\n<p><b>Zamparini, nell&#8217;intervista concessa a stadionews24, parla anche del tema portieri:<\/b><\/p>\n<p><b> &#8220;Sorrentino resta sicuramente, anche perch\u00e8 non abbiamo ricevuto offerte per lui. Lui e Ujkani saranno i nostri portieri. Viviano all&#8217;Arsenal? S\u00ec, prestito con diritto di riscatto a favore della societ\u00e0 londinese&#8221;.\u00a0<\/b><\/p>\n<h3><\/h3>\n<p>&nbsp;<\/p>\n<\/div>\n","protected":false},"excerpt":{"rendered":"<p>Direttore Sportivo Giarretta Udinese: &#8220;Il Palermo ha chiuso per Verre&#8221; Andrea Belotti e Valerio Verre sono ufficialmente due giocatori del Palermo. Belotti si trasferisce dall&#8217;Albinoleffe con la formula del prestito, stessa formula utilizzata dall&#8217;Udinese per Verre. \u00a0E&#8217; stato inoltre risolto il contratto di Michele Pieri.\u00a0Il sito ufficiale rosanero ha comunicato che l\u00b4attaccante del Palermo classe [&hellip;]<\/p>\n","protected":false},"author":2,"featured_media":914,"comment_status":"closed","ping_status":"open","sticky":false,"template":"","format":"standard","meta":[],"categories":[1],"tags":[111,110],"_links":{"self":[{"href":"http:\/\/www.rosanerosiamonoi.it\/palermocalcio\/wp-json\/wp\/v2\/posts\/911"}],"collection":[{"href":"http:\/\/www.rosanerosiamonoi.it\/palermocalcio\/wp-json\/wp\/v2\/posts"}],"about":[{"href":"http:\/\/www.rosanerosiamonoi.it\/palermocalcio\/wp-json\/wp\/v2\/types\/post"}],"author":[{"embeddable":true,"href":"http:\/\/www.rosanerosiamonoi.it\/palermocalcio\/wp-json\/wp\/v2\/users\/2"}],"replies":[{"embeddable":true,"href":"http:\/\/www.rosanerosiamonoi.it\/palermocalcio\/wp-json\/wp\/v2\/comments?post=911"}],"version-history":[{"count":7,"href":"http:\/\/www.rosanerosiamonoi.it\/palermocalcio\/wp-json\/wp\/v2\/posts\/911\/revisions"}],"predecessor-version":[{"id":932,"href":"http:\/\/www.rosanerosiamonoi.it\/palermocalcio\/wp-json\/wp\/v2\/posts\/911\/revisions\/932"}],"wp:featuredmedia":[{"embeddable":true,"href":"http:\/\/www.rosanerosiamonoi.it\/palermocalcio\/wp-json\/wp\/v2\/media\/914"}],"wp:attachment":[{"href":"http:\/\/www.rosanerosiamonoi.it\/palermocalcio\/wp-json\/wp\/v2\/media?parent=911"}],"wp:term":[{"taxonomy":"category","embeddable":true,"href":"http:\/\/www.rosanerosiamonoi.it\/palermocalcio\/wp-json\/wp\/v2\/categories?post=911"},{"taxonomy":"post_tag","embeddable":true,"href":"http:\/\/www.rosanerosiamonoi.it\/palermocalcio\/wp-json\/wp\/v2\/tags?post=911"}],"curies":[{"name":"wp","href":"https:\/\/api.w.org\/{rel}","templated":true}]}}