{"id":9148,"date":"2019-06-07T23:00:08","date_gmt":"2019-06-07T21:00:08","guid":{"rendered":"http:\/\/www.rosanerosiamonoi.it\/palermocalcio\/?p=9148"},"modified":"2019-06-08T12:06:40","modified_gmt":"2019-06-08T10:06:40","slug":"pasquale-marino-allenatore-del-palermo-conferenza-stampa-video-integrale","status":"publish","type":"post","link":"http:\/\/www.rosanerosiamonoi.it\/palermocalcio\/2019\/06\/07\/pasquale-marino-allenatore-del-palermo-conferenza-stampa-video-integrale\/","title":{"rendered":"Pasquale Marino allenatore del Palermo , conferenza stampa (Video integrale)"},"content":{"rendered":"<p><a href=\"http:\/\/www.rosanerosiamonoi.it\/palermocalcio\/2014\/08\/16\/coppa-italia-palermo-modena-il-24-agosto-ore-18-00-oggi-al-barbera\/palermo\/\" rel=\"attachment wp-att-4347\"><img decoding=\"async\" loading=\"lazy\" class=\"aligncenter size-full wp-image-4347\" src=\"http:\/\/www.rosanerosiamonoi.it\/palermocalcio\/wp-content\/uploads\/2014\/08\/palermo.jpg\" alt=\"\" width=\"288\" height=\"175\" \/><\/a><\/p>\n<p>Il neo allenatore del Palermo come avevamo anticipato ieri in un altro nostro articolo di presentazione \u00e8 <strong>Pasquale Marino.<\/strong><\/p>\n<p>Lo ha ufficializzato nella tarda mattinata la societ\u00e0 di Via del Fante con questo comunicato:<\/p>\n<p>&#8220;L&#8217;U.S. Citt\u00e0 di Palermo comunica che <strong>Pasquale Marino \u00e8 il nuovo allenatore della Prima Squadra<\/strong>.<\/p>\n<p>Il tecnico marsalese, che <strong>ha firmato un contratto fino al 30 giugno 2021<\/strong>, sar\u00e0 presentato alla stampa oggi alle ore 15.30 presso la sala conferenze dello stadio &#8220;Renzo Barbera&#8221;.<\/p>\n<p>A Marino il benvenuto del club rosanero e della Sporting Network.&#8221;<\/p>\n<p>Ed oggi pomeriggio il primo incontro con la stampa e la sua prima conferenza stampa in veste ufficiale di allenatore del Palermo che di seguito vi proniamo in maniera integrale.<\/p>\n<p>&nbsp;<\/p>\n<p><iframe loading=\"lazy\" src=\"https:\/\/www.youtube.com\/embed\/pRBtzUcJXTk\" width=\"656\" height=\"408\" frameborder=\"0\" allowfullscreen=\"allowfullscreen\"><span data-mce-type=\"bookmark\" style=\"display: inline-block; width: 0px; overflow: hidden; line-height: 0;\" class=\"mce_SELRES_start\">\ufeff<\/span><\/iframe><\/p>\n","protected":false},"excerpt":{"rendered":"<p>Il neo allenatore del Palermo come avevamo anticipato ieri in un altro nostro articolo di presentazione \u00e8 Pasquale Marino. Lo ha ufficializzato nella tarda mattinata la societ\u00e0 di Via del Fante con questo comunicato: &#8220;L&#8217;U.S. Citt\u00e0 di Palermo comunica che Pasquale Marino \u00e8 il nuovo allenatore della Prima Squadra. Il tecnico marsalese, che ha firmato [&hellip;]<\/p>\n","protected":false},"author":2,"featured_media":9153,"comment_status":"closed","ping_status":"open","sticky":false,"template":"","format":"standard","meta":[],"categories":[43,10,1,6],"tags":[1494,209,1493,1488],"_links":{"self":[{"href":"http:\/\/www.rosanerosiamonoi.it\/palermocalcio\/wp-json\/wp\/v2\/posts\/9148"}],"collection":[{"href":"http:\/\/www.rosanerosiamonoi.it\/palermocalcio\/wp-json\/wp\/v2\/posts"}],"about":[{"href":"http:\/\/www.rosanerosiamonoi.it\/palermocalcio\/wp-json\/wp\/v2\/types\/post"}],"author":[{"embeddable":true,"href":"http:\/\/www.rosanerosiamonoi.it\/palermocalcio\/wp-json\/wp\/v2\/users\/2"}],"replies":[{"embeddable":true,"href":"http:\/\/www.rosanerosiamonoi.it\/palermocalcio\/wp-json\/wp\/v2\/comments?post=9148"}],"version-history":[{"count":1,"href":"http:\/\/www.rosanerosiamonoi.it\/palermocalcio\/wp-json\/wp\/v2\/posts\/9148\/revisions"}],"predecessor-version":[{"id":9154,"href":"http:\/\/www.rosanerosiamonoi.it\/palermocalcio\/wp-json\/wp\/v2\/posts\/9148\/revisions\/9154"}],"wp:featuredmedia":[{"embeddable":true,"href":"http:\/\/www.rosanerosiamonoi.it\/palermocalcio\/wp-json\/wp\/v2\/media\/9153"}],"wp:attachment":[{"href":"http:\/\/www.rosanerosiamonoi.it\/palermocalcio\/wp-json\/wp\/v2\/media?parent=9148"}],"wp:term":[{"taxonomy":"category","embeddable":true,"href":"http:\/\/www.rosanerosiamonoi.it\/palermocalcio\/wp-json\/wp\/v2\/categories?post=9148"},{"taxonomy":"post_tag","embeddable":true,"href":"http:\/\/www.rosanerosiamonoi.it\/palermocalcio\/wp-json\/wp\/v2\/tags?post=9148"}],"curies":[{"name":"wp","href":"https:\/\/api.w.org\/{rel}","templated":true}]}}