{"id":9209,"date":"2019-06-13T18:21:42","date_gmt":"2019-06-13T16:21:42","guid":{"rendered":"http:\/\/www.rosanerosiamonoi.it\/palermocalcio\/?p=9209"},"modified":"2019-06-13T18:48:37","modified_gmt":"2019-06-13T16:48:37","slug":"lucchesi-stasera-notizie-ritiro-video","status":"publish","type":"post","link":"http:\/\/www.rosanerosiamonoi.it\/palermocalcio\/2019\/06\/13\/lucchesi-stasera-notizie-ritiro-video\/","title":{"rendered":"Lucchesi:&#8221; Stasera notizie ritiro&#8221; (VIDEO)"},"content":{"rendered":"<p>Il Direttore Generale del Palermo,<strong> Fabrizio Lucchesi<\/strong>, parla a 360 gradi del futuro della societ\u00e0 di via del Fante impegnata su vari fronti come \u00e8 normale che sia dall&#8217;organizzazione del ritiro che si svolger\u00e0 la prima parte al nord che dovrebbe essere a <strong>San Lorenzo in Banale (TN)<\/strong> e la seconda al centro, collaboratori dell&#8217;allenatore, scadenze di contratti e rinnovi, ricerca nuovi giocatori e costruzione in generale di una squadra che possa giocare per conquistare la serie A. <em>&#8220;Stiamo costruendo un progetto ambizioso&#8221;<\/em> &#8211; ha sintetizzato e cos\u00ec titola il video che vi proponiamo di seguito realizzato da Palermocalcio.it<\/p>\n<p><iframe loading=\"lazy\" src=\"https:\/\/www.youtube.com\/embed\/h8j1Kox_do0\" width=\"656\" height=\"408\" frameborder=\"0\" allowfullscreen=\"allowfullscreen\"><\/iframe><\/p>\n","protected":false},"excerpt":{"rendered":"<p>Il Direttore Generale del Palermo, Fabrizio Lucchesi, parla a 360 gradi del futuro della societ\u00e0 di via del Fante impegnata su vari fronti come \u00e8 normale che sia dall&#8217;organizzazione del ritiro che si svolger\u00e0 la prima parte al nord che dovrebbe essere a San Lorenzo in Banale (TN) e la seconda al centro, collaboratori dell&#8217;allenatore, [&hellip;]<\/p>\n","protected":false},"author":2,"featured_media":9211,"comment_status":"closed","ping_status":"open","sticky":false,"template":"","format":"standard","meta":[],"categories":[10,6,44],"tags":[317,1514,103,1515,6],"_links":{"self":[{"href":"http:\/\/www.rosanerosiamonoi.it\/palermocalcio\/wp-json\/wp\/v2\/posts\/9209"}],"collection":[{"href":"http:\/\/www.rosanerosiamonoi.it\/palermocalcio\/wp-json\/wp\/v2\/posts"}],"about":[{"href":"http:\/\/www.rosanerosiamonoi.it\/palermocalcio\/wp-json\/wp\/v2\/types\/post"}],"author":[{"embeddable":true,"href":"http:\/\/www.rosanerosiamonoi.it\/palermocalcio\/wp-json\/wp\/v2\/users\/2"}],"replies":[{"embeddable":true,"href":"http:\/\/www.rosanerosiamonoi.it\/palermocalcio\/wp-json\/wp\/v2\/comments?post=9209"}],"version-history":[{"count":3,"href":"http:\/\/www.rosanerosiamonoi.it\/palermocalcio\/wp-json\/wp\/v2\/posts\/9209\/revisions"}],"predecessor-version":[{"id":9214,"href":"http:\/\/www.rosanerosiamonoi.it\/palermocalcio\/wp-json\/wp\/v2\/posts\/9209\/revisions\/9214"}],"wp:featuredmedia":[{"embeddable":true,"href":"http:\/\/www.rosanerosiamonoi.it\/palermocalcio\/wp-json\/wp\/v2\/media\/9211"}],"wp:attachment":[{"href":"http:\/\/www.rosanerosiamonoi.it\/palermocalcio\/wp-json\/wp\/v2\/media?parent=9209"}],"wp:term":[{"taxonomy":"category","embeddable":true,"href":"http:\/\/www.rosanerosiamonoi.it\/palermocalcio\/wp-json\/wp\/v2\/categories?post=9209"},{"taxonomy":"post_tag","embeddable":true,"href":"http:\/\/www.rosanerosiamonoi.it\/palermocalcio\/wp-json\/wp\/v2\/tags?post=9209"}],"curies":[{"name":"wp","href":"https:\/\/api.w.org\/{rel}","templated":true}]}}