{"id":9249,"date":"2019-06-16T23:32:47","date_gmt":"2019-06-16T21:32:47","guid":{"rendered":"http:\/\/www.rosanerosiamonoi.it\/palermocalcio\/?p=9249"},"modified":"2019-06-16T23:32:47","modified_gmt":"2019-06-16T21:32:47","slug":"cammarata-sara-una-grande-edizione-video","status":"publish","type":"post","link":"http:\/\/www.rosanerosiamonoi.it\/palermocalcio\/2019\/06\/16\/cammarata-sara-una-grande-edizione-video\/","title":{"rendered":"Cammarata: &#8220;Sar\u00e0 una grande edizione&#8221; (VIDEO)"},"content":{"rendered":"<p>Conferenza stampa del 14 Giugno 2019. Ai nostri microfoni <strong>Giorgio Cammarata<\/strong> Presidente del Country Time club di Palermo che ospiter\u00e0 dal 20 al 28 Luglio il 30\u00b0 Palermo ladies open.<br \/>\nSar\u00e0 uno dei tornei internazionali di tennis femminile pi\u00f9 importantu nel mondo con la partecipazione di grandi tenniste e non mancher\u00e0 anche l&#8217;azzurra Sara Errani e per il pubblico anche un villaggio ricco di importanti iniziative collaterali.<\/p>\n<p><iframe loading=\"lazy\" src=\"https:\/\/www.youtube.com\/embed\/zE7Gan61YIU\" width=\"656\" height=\"408\" frameborder=\"0\" allowfullscreen=\"allowfullscreen\"><\/iframe><\/p>\n","protected":false},"excerpt":{"rendered":"<p>Conferenza stampa del 14 Giugno 2019. Ai nostri microfoni Giorgio Cammarata Presidente del Country Time club di Palermo che ospiter\u00e0 dal 20 al 28 Luglio il 30\u00b0 Palermo ladies open. Sar\u00e0 uno dei tornei internazionali di tennis femminile pi\u00f9 importantu nel mondo con la partecipazione di grandi tenniste e non mancher\u00e0 anche l&#8217;azzurra Sara Errani [&hellip;]<\/p>\n","protected":false},"author":2,"featured_media":9257,"comment_status":"closed","ping_status":"open","sticky":false,"template":"","format":"standard","meta":[],"categories":[43,10,28,1],"tags":[1469,1470,1507,1529,1530],"_links":{"self":[{"href":"http:\/\/www.rosanerosiamonoi.it\/palermocalcio\/wp-json\/wp\/v2\/posts\/9249"}],"collection":[{"href":"http:\/\/www.rosanerosiamonoi.it\/palermocalcio\/wp-json\/wp\/v2\/posts"}],"about":[{"href":"http:\/\/www.rosanerosiamonoi.it\/palermocalcio\/wp-json\/wp\/v2\/types\/post"}],"author":[{"embeddable":true,"href":"http:\/\/www.rosanerosiamonoi.it\/palermocalcio\/wp-json\/wp\/v2\/users\/2"}],"replies":[{"embeddable":true,"href":"http:\/\/www.rosanerosiamonoi.it\/palermocalcio\/wp-json\/wp\/v2\/comments?post=9249"}],"version-history":[{"count":2,"href":"http:\/\/www.rosanerosiamonoi.it\/palermocalcio\/wp-json\/wp\/v2\/posts\/9249\/revisions"}],"predecessor-version":[{"id":9259,"href":"http:\/\/www.rosanerosiamonoi.it\/palermocalcio\/wp-json\/wp\/v2\/posts\/9249\/revisions\/9259"}],"wp:featuredmedia":[{"embeddable":true,"href":"http:\/\/www.rosanerosiamonoi.it\/palermocalcio\/wp-json\/wp\/v2\/media\/9257"}],"wp:attachment":[{"href":"http:\/\/www.rosanerosiamonoi.it\/palermocalcio\/wp-json\/wp\/v2\/media?parent=9249"}],"wp:term":[{"taxonomy":"category","embeddable":true,"href":"http:\/\/www.rosanerosiamonoi.it\/palermocalcio\/wp-json\/wp\/v2\/categories?post=9249"},{"taxonomy":"post_tag","embeddable":true,"href":"http:\/\/www.rosanerosiamonoi.it\/palermocalcio\/wp-json\/wp\/v2\/tags?post=9249"}],"curies":[{"name":"wp","href":"https:\/\/api.w.org\/{rel}","templated":true}]}}