{"id":9349,"date":"2019-06-24T10:27:36","date_gmt":"2019-06-24T08:27:36","guid":{"rendered":"http:\/\/www.rosanerosiamonoi.it\/palermocalcio\/?p=9349"},"modified":"2019-06-24T10:47:07","modified_gmt":"2019-06-24T08:47:07","slug":"cip-consegna-benemerenze-sportive-2019-video-integrale","status":"publish","type":"post","link":"http:\/\/www.rosanerosiamonoi.it\/palermocalcio\/2019\/06\/24\/cip-consegna-benemerenze-sportive-2019-video-integrale\/","title":{"rendered":"CIP-Consegna Benemerenze sportive 2019 (VIDEO Integrale)"},"content":{"rendered":"<p><a href=\"http:\/\/www.rosanerosiamonoi.it\/palermocalcio\/2018\/01\/30\/cip-luca-pancalli-rieletto-presidente-nazionale-video\/bebe-vio_cip-800x532-totti-e-pancalli\/\" rel=\"attachment wp-att-8135\"><img decoding=\"async\" loading=\"lazy\" class=\"aligncenter size-medium wp-image-8135\" src=\"http:\/\/www.rosanerosiamonoi.it\/palermocalcio\/wp-content\/uploads\/2018\/01\/Bebe-Vio_CIP-800x532-totti-e-pancalli-520x346.jpg\" alt=\"\" width=\"520\" height=\"346\" srcset=\"http:\/\/www.rosanerosiamonoi.it\/palermocalcio\/wp-content\/uploads\/2018\/01\/Bebe-Vio_CIP-800x532-totti-e-pancalli-520x346.jpg 520w, http:\/\/www.rosanerosiamonoi.it\/palermocalcio\/wp-content\/uploads\/2018\/01\/Bebe-Vio_CIP-800x532-totti-e-pancalli-768x511.jpg 768w, http:\/\/www.rosanerosiamonoi.it\/palermocalcio\/wp-content\/uploads\/2018\/01\/Bebe-Vio_CIP-800x532-totti-e-pancalli-150x100.jpg 150w, http:\/\/www.rosanerosiamonoi.it\/palermocalcio\/wp-content\/uploads\/2018\/01\/Bebe-Vio_CIP-800x532-totti-e-pancalli-200x133.jpg 200w, http:\/\/www.rosanerosiamonoi.it\/palermocalcio\/wp-content\/uploads\/2018\/01\/Bebe-Vio_CIP-800x532-totti-e-pancalli-250x166.jpg 250w, http:\/\/www.rosanerosiamonoi.it\/palermocalcio\/wp-content\/uploads\/2018\/01\/Bebe-Vio_CIP-800x532-totti-e-pancalli-300x200.jpg 300w, http:\/\/www.rosanerosiamonoi.it\/palermocalcio\/wp-content\/uploads\/2018\/01\/Bebe-Vio_CIP-800x532-totti-e-pancalli.jpg 800w\" sizes=\"(max-width: 520px) 100vw, 520px\" \/><\/a><\/p>\n<p>A seguito del nuovo assetto organizzativo del Comitato Italiano Paralimpico che, con il d.lgs. n. 43 del 27 febbraio 2017, \u00e8 stato riconosciuto Ente con personalit\u00e0 giuridica di diritto pubblico, il <strong>Consiglio Nazionale<\/strong> ha deliberato l\u2019istituzione delle <strong>\u201cOnorificenze sportive paralimpiche\u201d<\/strong> al fine di valorizzare le attivit\u00e0 svolte da atleti, tecnici, dirigenti e societ\u00e0 sportive sul territorio nazionale.<\/p>\n<p>Le <strong>&#8216;Onorificenze sportive\u2019<\/strong> istituite sono le seguenti:<\/p>\n<p><strong>&#8211; Collare d\u2019Oro al Merito Sportivo Paralimpico;<\/strong><\/p>\n<p><strong>&#8211; Stella al Merito Sportivo Paralimpico;<\/strong><\/p>\n<p><strong>&#8211; Palma al Merito Tecnico Paralimpico;<\/strong><\/p>\n<p><strong>&#8211; Medaglia al Valore Atletico Paralimpico.<\/strong><\/p>\n<p style=\"text-align: center;\"><a href=\"http:\/\/www.rosanerosiamonoi.it\/palermocalcio\/2018\/01\/30\/cip-intervista-ai-presidenti-cip-sicilia-e-fiba-nazionale-video\/logo-def\/\" rel=\"attachment wp-att-8143\"><img decoding=\"async\" loading=\"lazy\" class=\"aligncenter wp-image-8143\" src=\"http:\/\/www.rosanerosiamonoi.it\/palermocalcio\/wp-content\/uploads\/2018\/01\/CIP.jpg\" alt=\"\" width=\"348\" height=\"314\" srcset=\"http:\/\/www.rosanerosiamonoi.it\/palermocalcio\/wp-content\/uploads\/2018\/01\/CIP.jpg 494w, http:\/\/www.rosanerosiamonoi.it\/palermocalcio\/wp-content\/uploads\/2018\/01\/CIP-300x271.jpg 300w\" sizes=\"(max-width: 348px) 100vw, 348px\" \/><\/a><\/p>\n<p><strong>Il \u201cCollare d\u2019Oro al Merito Sportivo Paralimpico\u201d<\/strong><br \/>\nViene concesso agli atleti italiani che conseguono i risultati o i titoli stabiliti dalla Giunta Nazionale del CIP e a personalit\u00e0 sportive, nel limite di 3 per ciascun anno, che siano gi\u00e0 in possesso della <strong>\u201cStella d\u2019Oro al Merito Sportivo\u201d<\/strong> e che abbiano per oltre venti anni onorato lo sport paralimpico italiano. Pu\u00f2 essere assegnato anche alle societ\u00e0 sportive, sempre nel limite di 3 per ciascun anno, che abbiano una anzianit\u00e0 di costituzione di almeno cinquanta anni e che siano in attivit\u00e0 al momento della proposta di concessione dell\u2019Onorificenza, a cui sia gi\u00e0 stata conferita la <strong>\u201cStella d\u2019Oro al Merito Sportivo\u201d<\/strong> ed i cui atleti abbiano conseguito titoli in campo internazionale e nazionale.<\/p>\n<p>La Giunta Nazionale del CIP, su proposta del Presidente dell\u2019Ente o con motivata segnalazione della Commissione Benemerenze, pu\u00f2 assegnare con propria deliberazione diretta il <strong>\u201cCollare d\u2019Oro al Merito Sportivo Paralimpico\u201d<\/strong> anche a: a) una personalit\u00e0 o altro soggetto \u2013 anche straniero a parziale deroga di quanto indicato all\u2019art. 2.2 del Regolamento \u2013 che abbia meritato e si sia particolarmente distinto nella promozione e nella diffusione degli ideali sportivi paralimpici; b) agli Atleti italiani che abbiano conseguito risultati agonistici eccezionali in campo mondiale.<\/p>\n<p><strong>Stella al Merito Sportivo Paralimpico<\/strong><br \/>\nL\u2019Onorificenza della \u201cStella al Merito Sportivo\u201d ha tre distinti gradi:<strong> oro, argento e bronzo<\/strong>.<\/p>\n<p>Essa pu\u00f2 essere concessa alla bandiera di Enti Sportivi che con continuata e meritoria azione nel campo della promozione e dell\u2019attivit\u00e0 agonistica abbiano contribuito a diffondere e onorare lo sport nel Paese; a personalit\u00e0 sportive che con opere di segnalato impegno ed in positivit\u00e0 d\u2019intenti abbiano lungamente servito lo sport; a personalit\u00e0 sportive straniere particolarmente meritevoli per aver operato in favore dello Sport paralimpico italiano, ai Gruppi Sportivi Militari e Civili e ai Gruppi Sportivi dei Corpi di Polizia esclusivamente a livello nazionale.<\/p>\n<p><strong>Palma al Merito Tecnico Paralimpico<\/strong><br \/>\nL\u2019Onorificenza della \u201cPalma al Merito Tecnico Paralimpico\u201d ha tre distinti gradi: d\u2019oro (con almeno 30 anni di attivit\u00e0 svolta come tecnico sportivo), d\u2019argento (20 anni di attivit\u00e0) e di bronzo (12 anni di attivit\u00e0).<\/p>\n<p>Essa pu\u00f2 essere concessa: ai tecnici sportivi che si siano distinti per l\u2019ottenimento, da parte dei loro atleti o squadre, di risultati di alto livello nazionale o internazionale, nonch\u00e9 per il rilevante contributo fornito per l\u2019aggiornamento tecnico e per lo sviluppo dell\u2019attivit\u00e0 giovanile; ai tecnici Sportivi stranieri particolarmente meritevoli per aver operato in favore dello Sport Italiano.<\/p>\n<p><strong>Medaglia al Valore Atletico Paralimpico<\/strong><br \/>\nL\u2019Onorificenza della \u201cMedaglia al Valore Atletico Paralimpico\u201d ha tre distinti gradi e viene conferita agli Atleti italiani sulla base dei risultati sportivi ottenuti:<\/p>\n<p>La \u201cMedaglia al Valore Atletico Paralimpico d\u2019oro&#8221; viene attribuita agli Atleti classificati al 2\u00b0 posto ai Giochi Paralimpici, ai Campionati Mondiali (delle discipline\/eventi inseriti nel programma dei Giochi Paralimpici), ai Deaflympics e ai Global Games e ai vincitori dei Campionati Mondiali indetti dalle corrispondenti Federazioni Internazionali; agli Atleti Italiani che abbiamo conseguito risultati agonistici eccezionali in campo mondiale.<\/p>\n<p>La \u201cMedaglia al Valore Atletico Paralimpico d\u2019argento&#8221; viene attribuita agli Atleti classificati al 3\u00b0 posto ai Giochi Paralimpici, ai Campionati Mondiali (delle discipline\/eventi inseriti nel programma dei Giochi Paralimpici), ai Deaflympics ed ai Global Games, ai classificati al 2\u00b0 posto dei Campionati Mondiali, ai classificati al 1\u00b0 posto ai Campionati Europei nelle discipline indicate.<\/p>\n<p>La \u201cMedaglia al Valore Atletico Paralimpico di bronzo&#8221; viene attribuita agli Atleti classificati dal 4\u00b0 all&#8217;8\u00b0 posto ai Giochi Paralimpici, ai Campionati Mondiali (delle discipline\/eventi inseriti nel programma dei Giochi Paralimpici), ai Deaflympics ed ai Global Games nelle discipline indicate, ai classificati al 3\u00b0 posto dei Campionati Mondiali indicati dell\u2019Elenco delle discipline, ai classificati al 2\u00b0 o 3\u00b0 posto ai Campionati Europei nelle discipline indicate dall\u2019Elenco delle discipline di cui all\u2019art. 20.<\/p>\n<p>Di seguito in esclusiva il video integrale della Consegna delle Benemerenze sportive e degli interventi a questo importante evento del Cip che si \u00e8 svolto in una sede prestigiosa quale \u00e8 la Sala consiliare di Palazzo Comitini a Palermo alla presenza del Presidente nazionale del Comitato Italiano Paraolimpico, <strong>Luca Pancalli.<\/strong><\/p>\n<p>A presentarla con grande garbo e professionalit\u00e0 , <strong>Anna Cane<\/strong>.<\/p>\n<p>Visibile in alta definizione 1080p<span style=\"color: #ff0000;\">HD<\/span>.<\/p>\n<p><iframe loading=\"lazy\" src=\"https:\/\/www.youtube.com\/embed\/PQw79P1ckxU\" width=\"656\" height=\"408\" frameborder=\"0\" allowfullscreen=\"allowfullscreen\"><\/iframe><\/p>\n","protected":false},"excerpt":{"rendered":"<p>A seguito del nuovo assetto organizzativo del Comitato Italiano Paralimpico che, con il d.lgs. n. 43 del 27 febbraio 2017, \u00e8 stato riconosciuto Ente con personalit\u00e0 giuridica di diritto pubblico, il Consiglio Nazionale ha deliberato l\u2019istituzione delle \u201cOnorificenze sportive paralimpiche\u201d al fine di valorizzare le attivit\u00e0 svolte da atleti, tecnici, dirigenti e societ\u00e0 sportive sul [&hellip;]<\/p>\n","protected":false},"author":2,"featured_media":9350,"comment_status":"closed","ping_status":"open","sticky":false,"template":"","format":"standard","meta":[],"categories":[10,28,1,44],"tags":[1563,1565,1110,1476,1560,1564,1475,1497,1561,1562,343],"_links":{"self":[{"href":"http:\/\/www.rosanerosiamonoi.it\/palermocalcio\/wp-json\/wp\/v2\/posts\/9349"}],"collection":[{"href":"http:\/\/www.rosanerosiamonoi.it\/palermocalcio\/wp-json\/wp\/v2\/posts"}],"about":[{"href":"http:\/\/www.rosanerosiamonoi.it\/palermocalcio\/wp-json\/wp\/v2\/types\/post"}],"author":[{"embeddable":true,"href":"http:\/\/www.rosanerosiamonoi.it\/palermocalcio\/wp-json\/wp\/v2\/users\/2"}],"replies":[{"embeddable":true,"href":"http:\/\/www.rosanerosiamonoi.it\/palermocalcio\/wp-json\/wp\/v2\/comments?post=9349"}],"version-history":[{"count":6,"href":"http:\/\/www.rosanerosiamonoi.it\/palermocalcio\/wp-json\/wp\/v2\/posts\/9349\/revisions"}],"predecessor-version":[{"id":9356,"href":"http:\/\/www.rosanerosiamonoi.it\/palermocalcio\/wp-json\/wp\/v2\/posts\/9349\/revisions\/9356"}],"wp:featuredmedia":[{"embeddable":true,"href":"http:\/\/www.rosanerosiamonoi.it\/palermocalcio\/wp-json\/wp\/v2\/media\/9350"}],"wp:attachment":[{"href":"http:\/\/www.rosanerosiamonoi.it\/palermocalcio\/wp-json\/wp\/v2\/media?parent=9349"}],"wp:term":[{"taxonomy":"category","embeddable":true,"href":"http:\/\/www.rosanerosiamonoi.it\/palermocalcio\/wp-json\/wp\/v2\/categories?post=9349"},{"taxonomy":"post_tag","embeddable":true,"href":"http:\/\/www.rosanerosiamonoi.it\/palermocalcio\/wp-json\/wp\/v2\/tags?post=9349"}],"curies":[{"name":"wp","href":"https:\/\/api.w.org\/{rel}","templated":true}]}}