{"id":956,"date":"2013-09-03T09:48:41","date_gmt":"2013-09-03T07:48:41","guid":{"rendered":"http:\/\/www.rosanerosiamonoi.it\/palermocalcio\/?p=956"},"modified":"2013-09-03T09:53:49","modified_gmt":"2013-09-03T07:53:49","slug":"italia-bulgaria-tutti-allo-stadio","status":"publish","type":"post","link":"http:\/\/www.rosanerosiamonoi.it\/palermocalcio\/2013\/09\/03\/italia-bulgaria-tutti-allo-stadio\/","title":{"rendered":"ITALIA-BULGARIA . TUTTI ALLO STADIO !"},"content":{"rendered":"<p>Sarebbe veramente triste vedere uno stadio vuoto il giorno che la Nazionale Italiana viene a Palermo per giocarsi la qualificazione e non potere contare sul supporto di una delle tifoserie pi\u00f9 calde e passionali d&#8217;Italia ma anche competente e sempre pronta a stare vicina alla squadra del cuore il nostro comunque &#8220;magico Palermo&#8221; .<\/p>\n<p>&nbsp;<\/p>\n<p><a href=\"http:\/\/www.rosanerosiamonoi.it\/palermocalcio\/wp-content\/uploads\/2013\/09\/n_nazionale_italiana_i_tifosi-1673433.jpg\"><img decoding=\"async\" loading=\"lazy\" class=\"aligncenter size-full wp-image-957\" alt=\"n_nazionale_italiana_i_tifosi-1673433\" src=\"http:\/\/www.rosanerosiamonoi.it\/palermocalcio\/wp-content\/uploads\/2013\/09\/n_nazionale_italiana_i_tifosi-1673433.jpg\" width=\"400\" height=\"266\" \/><\/a><\/p>\n<p>&nbsp;<\/p>\n<p>Per cui mi raccomando venerd\u00ec vi aspetto con la Nazionale Italiana alla Favorita oggi Barbera per spingere con la solita grande passione ed un tifo assordante gli azzurri alla vittoria !<\/p>\n<p>I prezzi sono popolari e la partita certamente sono certo ci regaler\u00e0 grandi emozioni &#8230; non facciamogli mancare l&#8217;affetto e l&#8217;abbraccio della tifoseria rosanero che si colora quel giorno di azzurro .<\/p>\n<p>&nbsp;<\/p>\n<p><a href=\"http:\/\/www.rosanerosiamonoi.it\/palermocalcio\/wp-content\/uploads\/2013\/09\/n_nazionale_italiana_i_tifosi-1649695.jpg\"><img decoding=\"async\" loading=\"lazy\" class=\"aligncenter size-full wp-image-959\" alt=\"n_nazionale_italiana_i_tifosi-1649695\" src=\"http:\/\/www.rosanerosiamonoi.it\/palermocalcio\/wp-content\/uploads\/2013\/09\/n_nazionale_italiana_i_tifosi-1649695.jpg\" width=\"400\" height=\"266\" \/><\/a><\/p>\n<p>&nbsp;<\/p>\n<p>Sar\u00e0 una bellissima occasione per rivedere calcare il prato del nostro stadio a grandissimi campioni e sentire nuovamente il profumo della serie A &#8230;.. ora tocca a noi &#8230;.. riempiamo lo stadio e teniamo alto l&#8217;onore dei tifosi rosanero che di fronte alle battaglie pi\u00f9 dure &#8230;.rispondono sempre presente &#8230;.. non gioca il Palermo &#8230;.. ma un palermitano in campo c&#8217;\u00e8 ed \u00e8 Mario Balotelli soffochiamolo affettuosamente di cori ed incitamenti perch\u00e8 quel giorno possa essere sopratutto lui l&#8217;uomo partita che ci regala una prestigiosa ed importante vittoria contro la Bulgaria.<\/p>\n<p>&nbsp;<\/p>\n<p><a href=\"http:\/\/www.rosanerosiamonoi.it\/palermocalcio\/wp-content\/uploads\/2013\/09\/n_nazionale_italiana_mario_balotelli-4753686.jpg\"><img decoding=\"async\" loading=\"lazy\" class=\"aligncenter size-full wp-image-961\" alt=\"n_nazionale_italiana_mario_balotelli-4753686\" src=\"http:\/\/www.rosanerosiamonoi.it\/palermocalcio\/wp-content\/uploads\/2013\/09\/n_nazionale_italiana_mario_balotelli-4753686.jpg\" width=\"400\" height=\"327\" \/><\/a><\/p>\n<p>&nbsp;<\/p>\n<p>Mi fido di Voi &#8230;. ci vediamo venerd\u00ec sera allo Stadio ! \u00a0&#8230;&#8230; ah &#8230;&#8230;grazie come sempre !<\/p>\n<p>&nbsp;<\/p>\n<p><a href=\"http:\/\/www.rosanerosiamonoi.it\/palermocalcio\/wp-content\/uploads\/2013\/09\/n_nazionale_italiana-tifosa1649689.jpg\"><img decoding=\"async\" loading=\"lazy\" class=\"aligncenter size-full wp-image-960\" alt=\"n_nazionale_italiana-tifosa1649689\" src=\"http:\/\/www.rosanerosiamonoi.it\/palermocalcio\/wp-content\/uploads\/2013\/09\/n_nazionale_italiana-tifosa1649689.jpg\" width=\"346\" height=\"520\" \/><\/a><\/p>\n<p>&nbsp;<\/p>\n<p>PS . superfluo dirvi che mi aspetto di essere stupito da una coreografia in curva strepitosa come solo la Curva Nord sa fare &#8230;.. mi raccomando &#8230;..<\/p>\n<p>&nbsp;<\/p>\n<p><a href=\"http:\/\/www.rosanerosiamonoi.it\/palermocalcio\/wp-content\/uploads\/2013\/09\/n_nazionale_italiana_i_tifosi-2715188.jpg\"><img decoding=\"async\" loading=\"lazy\" class=\"aligncenter size-full wp-image-962\" alt=\"n_nazionale_italiana_i_tifosi-2715188\" src=\"http:\/\/www.rosanerosiamonoi.it\/palermocalcio\/wp-content\/uploads\/2013\/09\/n_nazionale_italiana_i_tifosi-2715188.jpg\" width=\"400\" height=\"300\" \/><\/a><\/p>\n<p>&nbsp;<\/p>\n<p>&nbsp;<\/p>\n<p>&nbsp;<\/p>\n<p><strong>Prosegue la vendita dei biglietti per la gara Italia-Bulgaria, valevole per la qualificazione al Mondiale 2014, in programma al \u201cRenzo Barbera\u201dvenerd\u00ec 6 settembre 2013 alle ore 20.45.<\/strong><\/p>\n<p>I tagliandi, nel numero massimo di quattro e nel rispetto delle normative vigenti riguardo la nominativit\u00e0, potranno essere acquistati on line sul sito<a href=\"http:\/\/www.figc.it\/\">www.figc.it<\/a>, sul sito\u00a0<a href=\"http:\/\/www.vivoazzurro.it\/\">www.vivoazzurro.it<\/a>, sul sito\u00a0\u00a0<a href=\"http:\/\/www.ticketone.it\/\">www.ticketone.it<\/a>\u00a0, presso i punti vendita Ticket One sparsi sul territorio nazionale e, <strong>da oggi a gioved\u00ec, anche presso i botteghini dello Stadio \u201cRenzo Barbera\u201d, che rispetteranno i seguenti orari d\u2019apertura:<\/strong><\/p>\n<p><strong>&#8211; Marted\u00ec. Mercoled\u00ec e gioved\u00ec: 10.00-13.00 e 14.30-19.30.<\/strong><br \/>\nI biglietti ridotti sono riservati alle donne, ai ragazzi fino ai 16 anni (nati dopo il 6 settembre\u00a0 1997), agli Over 65 (nati prima del 6 settembre 1948) e ai possessori della Card Vivo Azzurro.<\/p>\n<p>Ecco i prezzi, ai quali vanno aggiunti i diritti di prevendita:<\/p>\n<table width=\"100%\" border=\"0\" cellspacing=\"1\" cellpadding=\"0\">\n<tbody>\n<tr>\n<td><strong>TRIBUNA CENTRALE<\/strong><\/td>\n<td><strong>Euro\u00a0\u00a0 50,00<\/strong><\/td>\n<\/tr>\n<tr>\n<td>TRIBUNA CENTRALE RIDOTTO<\/td>\n<td>Euro\u00a0\u00a0 25,00<\/td>\n<\/tr>\n<tr>\n<td><strong>TRIBUNA LATERALE<\/strong><\/td>\n<td><strong>Euro\u00a0\u00a0 30,00<\/strong><\/td>\n<\/tr>\n<tr>\n<td>TRIBUNA LATERALE RIDOTTO<\/td>\n<td>Euro\u00a0\u00a0 18,00<\/td>\n<\/tr>\n<tr>\n<td><strong>TRIBUNA MONTE PELLEGRINO<\/strong><\/td>\n<td><strong>Euro\u00a0\u00a0 20,00<\/strong><\/td>\n<\/tr>\n<tr>\n<td>TRIBUNA MONTE PELLEGRINO RIDOTTO<\/td>\n<td>Euro\u00a0\u00a0 10,00<\/td>\n<\/tr>\n<tr>\n<td><strong>CURVE\u00a0\u00a0\u00a0\u00a0\u00a0\u00a0\u00a0\u00a0\u00a0\u00a0\u00a0\u00a0\u00a0\u00a0\u00a0\u00a0\u00a0\u00a0\u00a0\u00a0\u00a0\u00a0\u00a0\u00a0\u00a0\u00a0\u00a0\u00a0\u00a0\u00a0\u00a0\u00a0\u00a0\u00a0\u00a0\u00a0\u00a0\u00a0\u00a0\u00a0\u00a0\u00a0\u00a0\u00a0\u00a0\u00a0\u00a0\u00a0\u00a0\u00a0\u00a0\u00a0\u00a0\u00a0\u00a0\u00a0\u00a0\u00a0\u00a0\u00a0\u00a0\u00a0\u00a0\u00a0\u00a0\u00a0\u00a0\u00a0\u00a0\u00a0\u00a0\u00a0\u00a0\u00a0\u00a0\u00a0\u00a0\u00a0\u00a0<\/strong><\/td>\n<td><strong>Euro\u00a0\u00a0 10,00<\/strong><\/td>\n<\/tr>\n<\/tbody>\n<\/table>\n<p><strong>\u00a0<\/strong><br \/>\n<strong>I diversamente abili in carrozzina con l\u2019eventuale accompagnatore potranno ritirare il biglietto omaggio per il settore apposito nei giorni 4 e 5 settembre dalle ore 10 alle ore 13 e dalle ore 15 alle ore 18 presso il botteghino Curva Sud di Viale del Fante\u00a0 a presentazione del documento di riconoscimento, del certificato attestante la non abilit\u00e0 e del documento dell&#8217;accompagnatore, fino ad esaurimento dei posti disponibili.<\/strong><\/p>\n<p>I titolari delle tessere federali e delle tessere C.O.N.I. valide per il 2013\u00a0 potranno ritirare la contromarca del posto nei giorni 4 e 5 settembre\u00a0 dalle ore 10 alle ore 13 e dalle ore 15 alle ore 18\u00a0 presso il botteghino Curva Sud di Viale del Fante a presentazione della stessa, fino ad esaurimento dei posti disponibili.<\/p>\n<p>&nbsp;<\/p>\n<p>Comunicato Stampa F.I.G.C.<\/p>\n<p>&nbsp;<\/p>\n<p>&nbsp;<\/p>\n","protected":false},"excerpt":{"rendered":"<p>Sarebbe veramente triste vedere uno stadio vuoto il giorno che la Nazionale Italiana viene a Palermo per giocarsi la qualificazione e non potere contare sul supporto di una delle tifoserie pi\u00f9 calde e passionali d&#8217;Italia ma anche competente e sempre pronta a stare vicina alla squadra del cuore il nostro comunque &#8220;magico Palermo&#8221; . &nbsp; [&hellip;]<\/p>\n","protected":false},"author":2,"featured_media":964,"comment_status":"closed","ping_status":"open","sticky":false,"template":"","format":"standard","meta":[],"categories":[7,1],"tags":[115],"_links":{"self":[{"href":"http:\/\/www.rosanerosiamonoi.it\/palermocalcio\/wp-json\/wp\/v2\/posts\/956"}],"collection":[{"href":"http:\/\/www.rosanerosiamonoi.it\/palermocalcio\/wp-json\/wp\/v2\/posts"}],"about":[{"href":"http:\/\/www.rosanerosiamonoi.it\/palermocalcio\/wp-json\/wp\/v2\/types\/post"}],"author":[{"embeddable":true,"href":"http:\/\/www.rosanerosiamonoi.it\/palermocalcio\/wp-json\/wp\/v2\/users\/2"}],"replies":[{"embeddable":true,"href":"http:\/\/www.rosanerosiamonoi.it\/palermocalcio\/wp-json\/wp\/v2\/comments?post=956"}],"version-history":[{"count":3,"href":"http:\/\/www.rosanerosiamonoi.it\/palermocalcio\/wp-json\/wp\/v2\/posts\/956\/revisions"}],"predecessor-version":[{"id":967,"href":"http:\/\/www.rosanerosiamonoi.it\/palermocalcio\/wp-json\/wp\/v2\/posts\/956\/revisions\/967"}],"wp:featuredmedia":[{"embeddable":true,"href":"http:\/\/www.rosanerosiamonoi.it\/palermocalcio\/wp-json\/wp\/v2\/media\/964"}],"wp:attachment":[{"href":"http:\/\/www.rosanerosiamonoi.it\/palermocalcio\/wp-json\/wp\/v2\/media?parent=956"}],"wp:term":[{"taxonomy":"category","embeddable":true,"href":"http:\/\/www.rosanerosiamonoi.it\/palermocalcio\/wp-json\/wp\/v2\/categories?post=956"},{"taxonomy":"post_tag","embeddable":true,"href":"http:\/\/www.rosanerosiamonoi.it\/palermocalcio\/wp-json\/wp\/v2\/tags?post=956"}],"curies":[{"name":"wp","href":"https:\/\/api.w.org\/{rel}","templated":true}]}}