{"id":9738,"date":"2019-07-31T11:32:43","date_gmt":"2019-07-31T09:32:43","guid":{"rendered":"http:\/\/www.rosanerosiamonoi.it\/palermocalcio\/?p=9738"},"modified":"2019-07-31T11:32:45","modified_gmt":"2019-07-31T09:32:45","slug":"palermo-per-ora-solo-tanti-no","status":"publish","type":"post","link":"http:\/\/www.rosanerosiamonoi.it\/palermocalcio\/2019\/07\/31\/palermo-per-ora-solo-tanti-no\/","title":{"rendered":"Palermo per ora solo tanti no"},"content":{"rendered":"<p><a href=\"http:\/\/www.rosanerosiamonoi.it\/palermocalcio\/2019\/07\/31\/palermo-per-ora-solo-tanti-no\/mirri-di-piazza\/\" rel=\"attachment wp-att-9739\"><img decoding=\"async\" loading=\"lazy\" class=\"aligncenter size-full wp-image-9739\" src=\"http:\/\/www.rosanerosiamonoi.it\/palermocalcio\/wp-content\/uploads\/2019\/07\/mirri-di-piazza.jpg\" alt=\"\" width=\"270\" height=\"187\" \/><\/a><\/p>\n<p>&nbsp;<\/p>\n<p>La conferenza stampa di presentazione della nuova societ\u00e0, continua ad essere rimandata ma gli ultimi rumors vorrebbero che dovrebbe tenersi probabilmente\u00a0 sabato con\u00a0 i nuovi proprietari della Hera Hora\u00a0<strong>Dario Mirri<\/strong>\u00a0e l&#8217;italo-americano\u00a0<strong>Tony Di Piazza\u00a0<\/strong><\/p>\n<p>Visto poi che il via del campionato di\u00a0<strong>Serie D<\/strong>\u00a0 si avvicina a grandi passi con la prima giornata di serie D in programma il 1\u00b0 settembre e che ancora non si sa nulla del ritiro della squadra ma poi ad oggi quale squadra ? e che ancora non si conosce, dopo essere stati fatti tanti nomi come Bucaro ed Iachini dandoli per certi e che invece hanno detto no, il nome del\u00a0nuovo allenatore del\u00a0<strong>Palermo cos\u00ec come per ora solo no per il DS della squadra &#8230;\u00a0<\/strong>l&#8217;ultimo quello di Zeman.<\/p>\n<p>Ricordando che il Palermo aveva grande attenzione ai giovani ed una squadra Primavera che \u00e8 stata anche Campione d&#8217;Italia , rispondendo ad alcuni amici che me lo chiedono anche io non vedo quale sia la novit\u00e0 della nuova propriet\u00e0 che parla di grande attenzione al settore giovanile &#8230; ma resta alto il timore che da parte dei calciatori ad eccezione di alcuni ex che hanno dimostrato grande cuore e che vanno ringraziati per il loro attaccamento alla maglia ma sembra non voglia venire nessuno di quelli buoni e su questo <strong>ci auguriamo di essere clamorosamente smentiti dai fatti<\/strong> perch\u00e8 <strong>senza 7-8 giocatori di categoria superiore con esperienze almeno di serie B sar\u00e0 difficile risalire subito in serie C.<\/strong><\/p>\n<p>Nella costruzione della squadra <strong>in Serie D \u00e8 anche importante con i primi comprare giovani di talento<\/strong>. Bisogna avere <strong>un gruppo 10-12 giocatori di grande valore<\/strong> tenendo conto la normativa ti obbliga a far giocare con questi <strong>un 99, due 2000 e un 2001<\/strong>. Di conseguenza, per affrontare un campionato importante<strong> bisognerebbe avere 2-3 soluzioni per ogni fascia d\u2019et\u00e0<\/strong>.\u00a0\u00a0Come dire <strong>almeno 3 del 99, 4-5 almeno del 2000 e 3 del 2001<\/strong> tenendo conto di infortuni, squalifiche e perdita di forma o risultare non all&#8217;altezza degli altri compagni in squadra.<\/p>\n<p>Per non andare lontano l&#8217;anno scorso il Bari aveva una ottima rosa, non c\u2019erano solo\u00a0Brienza e Bolzoni, ma era l\u2019intero organico ad essere forte e devastante per la categoria, con tanti giocatori esperti e scelti di un certo tipo in pratica un organico forte per la categoria come \u00e8 normale che sia e che ha vinto senza problemi il campionato ed in un anno \u00e8 tornato in Serie C cosa cui \u00e8 chiamato a fare questo Palermo&#8230;. questo il modello da seguire .<\/p>\n<p>Presentata la domanda di iscrizione in serie D adesso si attende la conferma dopo di che i club iscritti verranno poi suddivisi in gironi in base alla loro collocazione geografica o a specifiche richieste e voci di corridoio vorrebbero il Palermo iscritto nel girone G e non in I quello siciliano . Infine, si potr\u00e0 procedere con l\u2019estrazione del calendario.<\/p>\n<p>Al pi\u00f9 presto la LND comunicher\u00e0 la suddivisione dei gironi del prossimo campionato, <strong>in attesa delle iscrizioni in sovrannumero da parte di Palermo e Foggia.<\/strong> Considerato il numero elevato di squadre nel girone H chiamato \u201cpugliese\u201d, il Foggia potrebbe essere dirottato nel girone F, quello \u201cadriatico\u201d.<\/p>\n<p>Nonostante le voci degli ultimi giorni, il Palermo potrebbe essere confermato nel <strong>girone I, ovvero quello \u201csiciliano\u201d comprendente 18 squadre<\/strong>: <strong>5<\/strong> calabresi (Castrovillari, Corigliano, Roccella, Cittanovese, Palmese),<strong> 11<\/strong> siciliane (Palermo, Siracusa, Licata, Acireale, Fc Messina, Acr Messina, Troina, Biancavilla, Marsala, Ragusa) e <strong>3<\/strong> campane (Savoia, Gladiator e Gelbison). Gli altri gironi meridionali comprendono:<\/p>\n<p><b>PROBABILE GIRONE H\u00a0<\/b><strong>(18 squadre) 11<\/strong> pugliesi: Cerignola,Bitonto, Gravina, Fasano,\u00a0Nard\u00f2, Taranto, Altamura, F. Andria, Casarano, Brindisi. <strong>2<\/strong> Basilicata: Francavilla, Grumentum <strong>5<\/strong> campane: Sorrento, Nola, S. Tommaso, Agropoli, Giugliano.<\/p>\n<p><b>PROBABILE GIRONE G <\/b>(20 squadre)\u00a03 campane:\u00a0Turris, Nocerina Portici, <strong>5<\/strong> sarde: Latte dolce, Torres, Lanusei, Budoni, Muravera, <strong>12\u00a0<\/strong>laziali: Albalonga, Aprilia, Latina, Cassino, Vis Artena, Ladispoli, Ostiamare, Sff atletico, Trastevere, Tor Sapienza, Team n.Florida, Flaminia.<\/p>\n<p>Indipendentemente da questo noi attendiamo di conoscere se finalmente verr\u00e0 resa giustizia al Palermo che ancora esiste nonostante le decisioni di Lega e se il Tar del Lazio riconoscer\u00e0 i suoi diritti e le scorrettezze compiute ai suoi danni costringer\u00e0 la lega di Serie B ad iscrivere la squadra in Serie B anche se in realt\u00e0 quest&#8217;anno tutti noi tifosi e non avremmo dovuto festeggiare il ritorno del Palermo in serie A che <strong>grazie ad un omicidio per ora perfetto<\/strong> con mandanti ed esecutori che ormai sono sulla bocca di tutti hanno invece spedito il Palermo nell&#8217;inferno della serie D. <strong>Ma fidiamo in Santa Rosalia che \u00e8 grande e giusta !!!<\/strong><\/p>\n<p>&#8230; e come concludiamo tutte le nostre trasmissioni&#8230; in ogni caso <strong>&#8221; e siccome nel cuore siamo rosanero Forza Palermo !!! &#8220;<\/strong><\/p>\n<p>&nbsp;<\/p>\n<p>&nbsp;<\/p>\n<p>&nbsp;<\/p>\n","protected":false},"excerpt":{"rendered":"<p>&nbsp; La conferenza stampa di presentazione della nuova societ\u00e0, continua ad essere rimandata ma gli ultimi rumors vorrebbero che dovrebbe tenersi probabilmente\u00a0 sabato con\u00a0 i nuovi proprietari della Hera Hora\u00a0Dario Mirri\u00a0e l&#8217;italo-americano\u00a0Tony Di Piazza\u00a0 Visto poi che il via del campionato di\u00a0Serie D\u00a0 si avvicina a grandi passi con la prima giornata di serie D [&hellip;]<\/p>\n","protected":false},"author":2,"featured_media":9691,"comment_status":"closed","ping_status":"open","sticky":false,"template":"","format":"standard","meta":[],"categories":[10,1,6],"tags":[1430,1652,1609,1128,106,1656,1657],"_links":{"self":[{"href":"http:\/\/www.rosanerosiamonoi.it\/palermocalcio\/wp-json\/wp\/v2\/posts\/9738"}],"collection":[{"href":"http:\/\/www.rosanerosiamonoi.it\/palermocalcio\/wp-json\/wp\/v2\/posts"}],"about":[{"href":"http:\/\/www.rosanerosiamonoi.it\/palermocalcio\/wp-json\/wp\/v2\/types\/post"}],"author":[{"embeddable":true,"href":"http:\/\/www.rosanerosiamonoi.it\/palermocalcio\/wp-json\/wp\/v2\/users\/2"}],"replies":[{"embeddable":true,"href":"http:\/\/www.rosanerosiamonoi.it\/palermocalcio\/wp-json\/wp\/v2\/comments?post=9738"}],"version-history":[{"count":2,"href":"http:\/\/www.rosanerosiamonoi.it\/palermocalcio\/wp-json\/wp\/v2\/posts\/9738\/revisions"}],"predecessor-version":[{"id":9741,"href":"http:\/\/www.rosanerosiamonoi.it\/palermocalcio\/wp-json\/wp\/v2\/posts\/9738\/revisions\/9741"}],"wp:featuredmedia":[{"embeddable":true,"href":"http:\/\/www.rosanerosiamonoi.it\/palermocalcio\/wp-json\/wp\/v2\/media\/9691"}],"wp:attachment":[{"href":"http:\/\/www.rosanerosiamonoi.it\/palermocalcio\/wp-json\/wp\/v2\/media?parent=9738"}],"wp:term":[{"taxonomy":"category","embeddable":true,"href":"http:\/\/www.rosanerosiamonoi.it\/palermocalcio\/wp-json\/wp\/v2\/categories?post=9738"},{"taxonomy":"post_tag","embeddable":true,"href":"http:\/\/www.rosanerosiamonoi.it\/palermocalcio\/wp-json\/wp\/v2\/tags?post=9738"}],"curies":[{"name":"wp","href":"https:\/\/api.w.org\/{rel}","templated":true}]}}