{"id":9754,"date":"2019-08-01T11:45:27","date_gmt":"2019-08-01T09:45:27","guid":{"rendered":"http:\/\/www.rosanerosiamonoi.it\/palermocalcio\/?p=9754"},"modified":"2019-08-01T12:30:15","modified_gmt":"2019-08-01T10:30:15","slug":"senza-soldi-non-si-canta-la-messa","status":"publish","type":"post","link":"http:\/\/www.rosanerosiamonoi.it\/palermocalcio\/2019\/08\/01\/senza-soldi-non-si-canta-la-messa\/","title":{"rendered":"Senza soldi non si canta la messa !"},"content":{"rendered":"<p style=\"text-align: center;\"><a href=\"http:\/\/www.rosanerosiamonoi.it\/palermocalcio\/2019\/08\/01\/senza-soldi-non-si-canta-la-messa\/salvate-il-soldato-ryan\/\" rel=\"attachment wp-att-9755\"><img decoding=\"async\" loading=\"lazy\" class=\"aligncenter size-full wp-image-9755\" src=\"http:\/\/www.rosanerosiamonoi.it\/palermocalcio\/wp-content\/uploads\/2019\/08\/salvate-il-soldato-ryan.jpg\" alt=\"\" width=\"512\" height=\"288\" \/><\/a><\/p>\n<p><strong>\u201cPalermo, luned\u00ec primo passo in D\u201d<\/strong>, questo il titolo dell\u2019edizione odierna del Corriere dello Sport\u00a0secondo cui slitter\u00e0 a\u00a0<strong>luned\u00ec<\/strong>\u00a0l\u2019ufficialit\u00e0 dell\u2019iscrizione del nuovo Palermo al prossimo campionato di Serie D.<\/p>\n<div>\n<div id=\"publyZoneContainer_18449\">\n<div id=\"beacon_78dba95dea\">Le decisioni prese ieri dalla LND hanno riguardato solo\u00a0<strong>riammissioni<\/strong>\u00a0e\u00a0<strong>ripescaggi<\/strong>\u00a0e non l\u2019iscrizione dei club in sovrannumero che\u00a0<strong>avverr\u00e0 luned\u00ec entro le 13.00<\/strong>\u00a0dopo l\u2019indicazione del campo di gioco della nuova stagione (<strong>il \u201cRenzo Barbera\u201d<\/strong>, gi\u00e0 concesso dall\u2019amministrazione comunale e presso il quale \u00e8 in corso lo sfratto senza attendere le decisioni del Tar che potrebbero iscrivere di diritto il Palermo in serie B) e riteniamo possa essere una mossa strategica per consentire anche di mettere a posto tutto ci\u00f2 che serve per avere la ratifica della <strong>Covisoc<\/strong> sulle possibilit\u00e0 finanziarie della nuova societ\u00e0 che, in questi giorni,\u00a0 sta cercando in qualsiasi direzioni nuovi soci , alcuni dei quali non citiamo per motivi di riservatezza che ci dicono avrebbero rifiutato l&#8217;offerta mentre adesso si sono gettati su <strong>Colella<\/strong> altro prestigioso pretendente escluso come <strong>Ferrero<\/strong> praticamente le due richieste pi\u00f9 titolate come dimostrebbero i fatti con disponibilit\u00e0 fnanziarie certe , se no perch\u00e8 cercarli ? avevano progetti di arrivare in A e non andare in serie C per portare il Palermo in serie B e poi vendere, allenatore, direttore sportivo, giocatori di categoria superiore in organico, nuovo stadio, centro sportivo, squadra femminile &#8230;.. e prendersi carico dei dipendenti fatto importantissimo per noi &#8230;. ma a quanto pare solo per noi almeno per ora &#8230;.<\/div>\n<div>Riportiamo le dichiarazioni del giudice <strong>Guarnotta<\/strong> persona per bene, corretta ed onesta\u00a0 sul futuro e le disponibilit\u00e0 finanziarie di Hera Hora <strong>&#8221;\u00a0Le garanzie per fare una grande squadra (in serie D) ci sono, ma sono valide fino alla serie B. Per la serie A servir\u00e0 una potenzialit\u00e0 economica maggiore\u201d.<\/strong><\/div>\n<div>Una volta completato l&#8217;iter dell&#8217;iscrizione dei club in sovrannumero si potr\u00e0 conoscere\u00a0 il\u00a0<strong>girone di competenza<\/strong>\u00a0dei rosanero se quello che chiameremo laziale o siciliano.\u00a0 E se sar\u00e0 quello laziale i costi di gestione trasferte, aerei, alberghi, pranzi e cene affitto campi per allenamento di definizione prima della partita &#8230; lieviteranno in maniera stellare per la categoria &#8230;.<\/div>\n<div>E chiss\u00e0 che non sia opportuno fare\u00a0<strong>slittare la conferenza stampa<\/strong>\u00a0di presentazione prevista per sabato e in cui sar\u00e0 presente anche l\u2019imprenditore italo-americano\u00a0<strong>Tony Di Piazza <\/strong>tenuto conto che non c&#8217;\u00e8 nessuna certezza della iscrizione del Palermo in serie D\u00a0anche se siamo certi che anche se non ci saranno tutte le cose a posto verr\u00e0 fatta un&#8217;altra forzatura come quella fatta di fare fallire il Palermo per poi prenderlo a zero lire ed in una categoria infima per avere costi di gestione minimi rispetto alla serie A dove quest&#8217;anno avremmo dovuto giocare.<\/div>\n<div><strong>A dirlo sono le sentenze di Primo grado, Appello e Corte di Cassazione in contrasto con quella della Federazione<\/strong> e siccome non possono esserci due verit\u00e0 solo uno di loro pu\u00f2 avere ragione per cui non cercate scappatoie solo uno di loro &#8230; <strong>solo uno di loro ha giudicato con onest\u00e0 e rispetto della legge<\/strong> &#8230; sono stati i magistrati o i giudici federali ? fatevene un&#8217;idea Voi stessi &#8230; e capirete tutto !<\/div>\n<div><strong>Il mio amico Vic\u00e8 u pazzu avrebbe detto &#8220;Semu a mmari !!!!&#8221; ma, come sempre, saremo vicini alla squadra e quindi in ogni caso FORZA PALERMO !!!!\u00a0<\/strong><\/div>\n<\/div>\n<div><\/div>\n<\/div>\n<p>&nbsp;<\/p>\n","protected":false},"excerpt":{"rendered":"<p>\u201cPalermo, luned\u00ec primo passo in D\u201d, questo il titolo dell\u2019edizione odierna del Corriere dello Sport\u00a0secondo cui slitter\u00e0 a\u00a0luned\u00ec\u00a0l\u2019ufficialit\u00e0 dell\u2019iscrizione del nuovo Palermo al prossimo campionato di Serie D. Le decisioni prese ieri dalla LND hanno riguardato solo\u00a0riammissioni\u00a0e\u00a0ripescaggi\u00a0e non l\u2019iscrizione dei club in sovrannumero che\u00a0avverr\u00e0 luned\u00ec entro le 13.00\u00a0dopo l\u2019indicazione del campo di gioco della nuova [&hellip;]<\/p>\n","protected":false},"author":2,"featured_media":9755,"comment_status":"closed","ping_status":"open","sticky":false,"template":"","format":"standard","meta":[],"categories":[10,1,6],"tags":[277,1685,1652,672,1128,1647,1684,106,1657],"_links":{"self":[{"href":"http:\/\/www.rosanerosiamonoi.it\/palermocalcio\/wp-json\/wp\/v2\/posts\/9754"}],"collection":[{"href":"http:\/\/www.rosanerosiamonoi.it\/palermocalcio\/wp-json\/wp\/v2\/posts"}],"about":[{"href":"http:\/\/www.rosanerosiamonoi.it\/palermocalcio\/wp-json\/wp\/v2\/types\/post"}],"author":[{"embeddable":true,"href":"http:\/\/www.rosanerosiamonoi.it\/palermocalcio\/wp-json\/wp\/v2\/users\/2"}],"replies":[{"embeddable":true,"href":"http:\/\/www.rosanerosiamonoi.it\/palermocalcio\/wp-json\/wp\/v2\/comments?post=9754"}],"version-history":[{"count":3,"href":"http:\/\/www.rosanerosiamonoi.it\/palermocalcio\/wp-json\/wp\/v2\/posts\/9754\/revisions"}],"predecessor-version":[{"id":9758,"href":"http:\/\/www.rosanerosiamonoi.it\/palermocalcio\/wp-json\/wp\/v2\/posts\/9754\/revisions\/9758"}],"wp:featuredmedia":[{"embeddable":true,"href":"http:\/\/www.rosanerosiamonoi.it\/palermocalcio\/wp-json\/wp\/v2\/media\/9755"}],"wp:attachment":[{"href":"http:\/\/www.rosanerosiamonoi.it\/palermocalcio\/wp-json\/wp\/v2\/media?parent=9754"}],"wp:term":[{"taxonomy":"category","embeddable":true,"href":"http:\/\/www.rosanerosiamonoi.it\/palermocalcio\/wp-json\/wp\/v2\/categories?post=9754"},{"taxonomy":"post_tag","embeddable":true,"href":"http:\/\/www.rosanerosiamonoi.it\/palermocalcio\/wp-json\/wp\/v2\/tags?post=9754"}],"curies":[{"name":"wp","href":"https:\/\/api.w.org\/{rel}","templated":true}]}}