{"id":9790,"date":"2019-08-06T12:47:10","date_gmt":"2019-08-06T10:47:10","guid":{"rendered":"http:\/\/www.rosanerosiamonoi.it\/palermocalcio\/?p=9790"},"modified":"2019-08-06T12:49:50","modified_gmt":"2019-08-06T10:49:50","slug":"i-primi-3-giocatori-del-palermo","status":"publish","type":"post","link":"http:\/\/www.rosanerosiamonoi.it\/palermocalcio\/2019\/08\/06\/i-primi-3-giocatori-del-palermo\/","title":{"rendered":"I primi 3 giocatori del Palermo"},"content":{"rendered":"<p>Si attende l&#8217;ufficializzazione della nuova societ\u00e0 ma i primi 3 acquisti del Palermo sono l&#8217;attaccante Licciardo, l&#8217;ex rosanero Santana ed una conferma in difesa importante che ha fatto una scelta di cuore visto che poteva giocare pure in serie A , Accardi .<\/p>\n<p>&nbsp;<\/p>\n<p><a href=\"http:\/\/www.rosanerosiamonoi.it\/palermocalcio\/2019\/08\/06\/i-primi-3-giocatori-del-palermo\/ricciardo\/\" rel=\"attachment wp-att-9792\"><img decoding=\"async\" loading=\"lazy\" class=\"aligncenter size-medium wp-image-9792\" src=\"http:\/\/www.rosanerosiamonoi.it\/palermocalcio\/wp-content\/uploads\/2019\/08\/ricciardo-520x293.jpg\" alt=\"\" width=\"520\" height=\"293\" srcset=\"http:\/\/www.rosanerosiamonoi.it\/palermocalcio\/wp-content\/uploads\/2019\/08\/ricciardo-520x293.jpg 520w, http:\/\/www.rosanerosiamonoi.it\/palermocalcio\/wp-content\/uploads\/2019\/08\/ricciardo-640x360.jpg 640w, http:\/\/www.rosanerosiamonoi.it\/palermocalcio\/wp-content\/uploads\/2019\/08\/ricciardo.jpg 654w\" sizes=\"(max-width: 520px) 100vw, 520px\" \/><\/a><\/p>\n<p>L&#8217; ex\u00a0<em>attaccante<\/em>\u00a0del Cesena, <strong>Giovanni Ricciardo guider\u00e0 l&#8217;attacco del Palermo\u00a0\u00a0<\/strong>mentre sembra che <strong>Caracciolo<\/strong> abbia rifiutato l\u2019offerta dei rosa.<br \/>\n32 anni all\u2019anagrafe, che per\u00f2 in campo non si vedono: l\u2019attaccante messinese lo scorso anno ha realizzato 20 gol col Cesena in Serie D, per lui si tratta di un\u00a0 ritorno nella sua Sicilia, dove fra l\u2019altro ha indossato anche le maglie di Siracusa e Sicula Leonzio.<\/p>\n<p><a href=\"http:\/\/www.rosanerosiamonoi.it\/palermocalcio\/2019\/08\/06\/i-primi-3-giocatori-del-palermo\/santana\/\" rel=\"attachment wp-att-9791\"><img decoding=\"async\" loading=\"lazy\" class=\"aligncenter size-full wp-image-9791\" src=\"http:\/\/www.rosanerosiamonoi.it\/palermocalcio\/wp-content\/uploads\/2019\/08\/santana.jpg\" alt=\"\" width=\"273\" height=\"185\" \/><\/a><\/p>\n<p>Altro arrivo <strong>Mario Alberto Santana<\/strong> \u00e8 un ex rosanero calciatore argentino, ala oggi anche centrocampista svincolato. Il 5 febbraio 2008 ha acquisito la cittadinanza italiana.\u00a0 Ultima squadra Pro Patria in serie C che oggi ha 37 anni. Santana realizza cos\u00ec il sogno di chiudere la carriera nelle fila della squadra rosanero.<\/p>\n<p>In Serie B, nella stagione 2002-2003, l&#8217;argentino si conquista la fiducia degli allenatori rosanero (se ne alterneranno ben 3 durante il campionato) e totalizza 33 presenze segnando 3 gol, fallendo per\u00f2 con la squadra l&#8217;obiettivo stagionale della promozione in serie A.<\/p>\n<p>Poi va in prestito al Chievo<\/p>\n<p>Terminato il periodo di prestito, l&#8217;esterno ritorna a giocare nel Palermo\u00a0che nel frattempo ha ottenuto la promozione nella massima serie. Nella stagione 2004-2005 gioca 30 partite nel campionato chiuso al 6\u00ba posto con conseguente qualificazione in Coppa UEFA, la prima per il Palermo, contro le 28 presenze in Serie A della stagione successiva, a cui vanno aggiunte 9 partite disputate in Coppa UEFA e 3 in Coppa Italia.<\/p>\n<p>Nel corso della partita di Coppa UEFA\u00a0contro lo Schalke 04 del 16 marzo 2006 riporta poi un infortunio (frattura della terza vertebra lombare) che lo costringe a restare fuori per due mesi.\u00a0<sup id=\"cite_ref-5\" class=\"reference\"><\/sup>Nonostante un recupero-lampo che gli permette di disputare le ultime partite di campionato, non riesce a conquistare un posto nella rosa dei convocati dell&#8217; Argentina\u00a0per i\u00a0 Mondiali in Germania. Dopo questa stagione lascia il Palermo, di cui ne ha vestito la maglia per 106 occasioni segnando 5 gol.<\/p>\n<p>Dopo giocher\u00e0 fra le altra squadre anche nella Fiorentina. Napoli e Torino.<\/p>\n<p><a href=\"http:\/\/www.rosanerosiamonoi.it\/palermocalcio\/2019\/08\/06\/i-primi-3-giocatori-del-palermo\/accardi\/\" rel=\"attachment wp-att-9793\"><img decoding=\"async\" loading=\"lazy\" class=\"aligncenter size-medium wp-image-9793\" src=\"http:\/\/www.rosanerosiamonoi.it\/palermocalcio\/wp-content\/uploads\/2019\/08\/Accardi-520x303.jpg\" alt=\"\" width=\"520\" height=\"303\" srcset=\"http:\/\/www.rosanerosiamonoi.it\/palermocalcio\/wp-content\/uploads\/2019\/08\/Accardi-520x303.jpg 520w, http:\/\/www.rosanerosiamonoi.it\/palermocalcio\/wp-content\/uploads\/2019\/08\/Accardi.jpg 600w\" sizes=\"(max-width: 520px) 100vw, 520px\" \/><\/a><\/p>\n<p>Anche <strong>Andrea Accardi<\/strong>\u00a0il forte difensore far\u00e0 parte del nuovo Palermo ed anche in termini di prospettiva questo \u00e8 un grande colpo , visto che il giocatore gi\u00e0 nelle fila rosanero aveva dimostrato di potere giocare tranquillamente in serie B da titolare ed essere pronto anche per un salto in serie A.<\/p>\n<p>Apprezzabile e da sottolineare il suo attaccameneto alla maglia al punto di accettare di ripartire in D con i rosanero.<\/p>\n<p>Grazie Andrea !<\/p>\n<p>&nbsp;<\/p>\n<p>&nbsp;<\/p>\n<p>&nbsp;<\/p>\n","protected":false},"excerpt":{"rendered":"<p>Si attende l&#8217;ufficializzazione della nuova societ\u00e0 ma i primi 3 acquisti del Palermo sono l&#8217;attaccante Licciardo, l&#8217;ex rosanero Santana ed una conferma in difesa importante che ha fatto una scelta di cuore visto che poteva giocare pure in serie A , Accardi . &nbsp; L&#8217; ex\u00a0attaccante\u00a0del Cesena, Giovanni Ricciardo guider\u00e0 l&#8217;attacco del Palermo\u00a0\u00a0mentre sembra che [&hellip;]<\/p>\n","protected":false},"author":2,"featured_media":9792,"comment_status":"closed","ping_status":"open","sticky":false,"template":"","format":"standard","meta":[],"categories":[10,28,1,6],"tags":[1696,1698,1652,1697,106,1657],"_links":{"self":[{"href":"http:\/\/www.rosanerosiamonoi.it\/palermocalcio\/wp-json\/wp\/v2\/posts\/9790"}],"collection":[{"href":"http:\/\/www.rosanerosiamonoi.it\/palermocalcio\/wp-json\/wp\/v2\/posts"}],"about":[{"href":"http:\/\/www.rosanerosiamonoi.it\/palermocalcio\/wp-json\/wp\/v2\/types\/post"}],"author":[{"embeddable":true,"href":"http:\/\/www.rosanerosiamonoi.it\/palermocalcio\/wp-json\/wp\/v2\/users\/2"}],"replies":[{"embeddable":true,"href":"http:\/\/www.rosanerosiamonoi.it\/palermocalcio\/wp-json\/wp\/v2\/comments?post=9790"}],"version-history":[{"count":4,"href":"http:\/\/www.rosanerosiamonoi.it\/palermocalcio\/wp-json\/wp\/v2\/posts\/9790\/revisions"}],"predecessor-version":[{"id":9797,"href":"http:\/\/www.rosanerosiamonoi.it\/palermocalcio\/wp-json\/wp\/v2\/posts\/9790\/revisions\/9797"}],"wp:featuredmedia":[{"embeddable":true,"href":"http:\/\/www.rosanerosiamonoi.it\/palermocalcio\/wp-json\/wp\/v2\/media\/9792"}],"wp:attachment":[{"href":"http:\/\/www.rosanerosiamonoi.it\/palermocalcio\/wp-json\/wp\/v2\/media?parent=9790"}],"wp:term":[{"taxonomy":"category","embeddable":true,"href":"http:\/\/www.rosanerosiamonoi.it\/palermocalcio\/wp-json\/wp\/v2\/categories?post=9790"},{"taxonomy":"post_tag","embeddable":true,"href":"http:\/\/www.rosanerosiamonoi.it\/palermocalcio\/wp-json\/wp\/v2\/tags?post=9790"}],"curies":[{"name":"wp","href":"https:\/\/api.w.org\/{rel}","templated":true}]}}