{"id":16918,"date":"2023-05-20T12:38:26","date_gmt":"2023-05-20T10:38:26","guid":{"rendered":"http:\/\/www.rosanerosiamonoi.it\/palermocalcio\/?p=16918"},"modified":"2023-05-20T13:39:23","modified_gmt":"2023-05-20T11:39:23","slug":"palermo-brescia-2-2-agnello-e-sugo-e-video","status":"publish","type":"post","link":"https:\/\/www.rosanerosiamonoi.it\/palermocalcio\/2023\/05\/20\/palermo-brescia-2-2-agnello-e-sugo-e-video\/","title":{"rendered":"Palermo-Brescia 2-2. Agnello e sugo e&#8230; (VIDEO)"},"content":{"rendered":"<p style=\"text-align: center;\"><a href=\"http:\/\/www.rosanerosiamonoi.it\/palermocalcio\/2023\/05\/20\/palermo-brescia-2-2-agnello-e-sugo-e-video\/palermo-brescia-2-2\/\" rel=\"attachment wp-att-16922\"><img decoding=\"async\" loading=\"lazy\" class=\"aligncenter wp-image-16922\" src=\"http:\/\/www.rosanerosiamonoi.it\/palermocalcio\/wp-content\/uploads\/2023\/05\/Palermo-Brescia-2-2.jpg\" alt=\"\" width=\"381\" height=\"271\" \/><\/a><\/p>\n<h2 style=\"text-align: center;\"><strong>PALERMO-BRESCIA 2-2<\/strong><\/h2>\n<p style=\"text-align: center;\"><strong>RETI:<\/strong>\u00a04\u2019 Brunori, 41\u2019 Tutino, 54\u2032 Rodriguez, 56\u2032 Ay\u00e8<\/p>\n<p>&nbsp;<\/p>\n<p>Almeno per noi finisce tutto come avevamo previsto visto che per andare in serie A serve un organico vero , con giocatori di valore di categoria e forti in ogni reparto come abbiamo scritto, vanamente ascoltati, e con esperienza e qualit\u00e0 per fare la differenza.<\/p>\n<p>Ora servir\u00e0 cambiare tutto a partire dalla societ\u00e0 , dopo ieri sera i tifosi vogliono una societ\u00e0 con programmi ambiziosi e grandi giocatori ed una squadra che andr\u00e0 creata dal portiere agli attaccanti che possano ricompensare i tifosi che sono stati vicini alla squadra che sono stati vicini pur essendogli stato proposto un cartellone teatrale con spettacoli minori , convincendoli che si trattasse di <strong>spettacoli con Proietti, Gassman , musical di Garinei e Giovannini, Eduardo De Filippo , Anna Magnani, Monica Vitti ed Alberto Sordi\u00a0 &#8230;. niente di tutto questo<\/strong> ed \u00e8 stato inutile cercare di aprigli gli occhi fin dall&#8217;inizio campionato penso e spero solo perch\u00e8 offuscati dal troppo amore per la maglia rosanero anche se se fra questi purtroppo non sono mancati anche quelli in malafede e che proprio per questo non fanno parte dei veri tifosi.<\/p>\n<p>Per il prossimo campionato, le bugie avranno le gambe corte come si capisce da quello che ieri all&#8217;uscita al termine della partita molti mi dicevano <em><strong>&#8220;Prima vediamo chi comprano e che squadra fanno e quali sono gli obiettivi e poi decido se abbonarmi. Una volta sola mi possono fregare&#8221;<\/strong><\/em> Finalmente il risveglio del vero tifoso che \u00e8 quello che deve volere il massimo per la maglia che ama ed abbandona il ruolo di pecora fra le pecore come ieri che l&#8217;unica a godere \u00e8 stata la societ\u00e0 che ha potuto contare su di un altro importante incasso che sperano tutti possa servire a fare una grande squadra.<\/p>\n<h3 style=\"text-align: center;\">Reggina-Ascoli 1-0, Canotto gol e playoff per i gli amaranto<br \/>\nLa Reggina trova il gol che vale i playoff al 95\u2032 con Canotto, 1-0 all&#8217;Ascoli.<\/h3>\n<h3 style=\"text-align: center;\">Esplode di gioia il Granillo.<\/h3>\n<p style=\"text-align: center;\"><a href=\"http:\/\/www.rosanerosiamonoi.it\/palermocalcio\/2023\/05\/20\/palermo-brescia-2-2-agnello-e-sugo-e-video\/tifosi-brescia-2\/\" rel=\"attachment wp-att-16921\"><img decoding=\"async\" loading=\"lazy\" class=\"aligncenter wp-image-16921 \" src=\"http:\/\/www.rosanerosiamonoi.it\/palermocalcio\/wp-content\/uploads\/2023\/05\/tifosi-brescia-1-e1684576227879.jpg\" alt=\"\" width=\"250\" height=\"156\" \/>Tifosi del Brescia\u00a0<\/a><\/p>\n<h3 style=\"text-align: center;\"><strong>Palermo-Brescia 2-2 e &#8230;&#8230;. fin\u00ec il battesimo !<\/strong><\/h3>\n<p>Il Palermo fallisce clamorosamente la vittoria e la possibilit\u00e0 di giocare i playoff per andare in Serie A , incredibile ma vero &#8230;. ma perfettamente in linea su quanto avevamo evidenziato fin dall&#8217;inizio del campionato e le telefonate con le quali molti anche cari amici che non la pensavano come me adesso mi hanno detto <strong><em>&#8220;Alla fine avevi ragione tu e forse tu sei l&#8217;unico vero tifoso che ha dimostrato di amare il Palermo cercando di aprire gli occhi a tutti noi , che al contrario magari ti abbiamo anche criticato. Ti avesse ascoltato almeno la societ\u00e0 oggi saremmo probabilmente gi\u00e0 in Serie A. Scusa !&#8221;<\/em><\/strong><\/p>\n<p>Ma vi confesso avrei voluto essere smentito dal campo ed essere oggi almeno ai playoff , pur convinto che con il Cagliari avremmo perso almeno 4-0, 4-1 e saremmo andati fuori lo stesso ma il campionato del Palermo avrebbe avuto un&#8217;altra lettura pi\u00f9 favorevole per la squadra e societ\u00e0 che al contrario ha concluso la sua avventura con i fischi assordanti dello stadio finalmente unito , deluso dal risultato della partita , dal valore della squadra ed una societ\u00e0 che non aveva nessun interesse ad essere promosso in A e che aveva saputo parlare solo di evitare la retrocessione e ci ha regalato, udite udite , le foto dei nostri giocatori che si fanno le foto negli spogliatoi del Manchester City &#8230;. come turisti naturalmente &#8230; che tristezza !!!!<\/p>\n<p>Per dovere di cronaca torniamo alla partita . Vantaggio del Palermo con una bella realizzazione di Brunori ed il raddoppio di Tutino. Sembrava tutto perfetto ma poi nel secondo tempo, gol annullato al Brescia che continua ad attaccare ed arrivano i due gol che portano al pareggio e la partita finisce qua con le squadre che sembrano accontentarsi del pari e non aspettano altro che l&#8217;arbitro fischi , in attesa di sapere cosa succede alla Reggina che sul finale finalmente per loro segna e ci scavalca ed entra fra le otto in lotta per la serie A e ci supera anche il Venezia che prende l&#8217;8\u00b0 ed ultimo posto utile grazie ai gol subiti e gli incontri diretti entrambi persi .<\/p>\n<p>E cos\u00ec alla fine 9\u00b0 posto inutile per la A ma che certifica almeno la certezza della permanenza in serie B con l&#8217;augurio che il prossimo anno si vada in A direttamente perch\u00e9 \u00e8 l\u00ec che Zamparini ci ha insegnato che deve stare !<\/p>\n<p>Adesso provate a fare meglio di lui se siete capaci se no diamo la possibilit\u00e0 a qualcun&#8217; altro di provarci perch\u00e9 i tifosi palermitani meritano rispetto e non continue umiliazioni come quella di ieri con il Brescia.<\/p>\n<p><iframe loading=\"lazy\" title=\"Palermo-Brescia 2-2: Corini e Brunori in mixed zone\" src=\"https:\/\/www.youtube.com\/embed\/oJ0XbqTQGis\" width=\"656\" height=\"408\" frameborder=\"0\" allowfullscreen=\"allowfullscreen\"><span data-mce-type=\"bookmark\" style=\"display: inline-block; width: 0px; overflow: hidden; line-height: 0;\" class=\"mce_SELRES_start\">\ufeff<\/span><\/iframe><\/p>\n<h3><strong>Per rivedere azioni e gol cliccate sotto<\/strong><\/h3>\n<p><a href=\"https:\/\/www.palermofc.com\/it\/video\/palermo-brescia-2-2-gli-highlights_6715\/\">https:\/\/www.palermofc.com\/it\/video\/palermo-brescia-2-2-gli-highlights_6715\/<\/a><\/p>\n<p>Avremmo voluto chiudere dando un bel 10 a tutti come quando si vince invece ci tocca chiudere a causa del pareggio con un 3 per tutti e per\u00f2 una menzione speciale per il bel gol Brunori che per\u00f2 poi \u00e8 scomparso dalla partita come sempre. L&#8217;esatto emblema di questo campionato della squadra rosanero.\u00a0La gara di stasera \u00e8 la fotografia perfetta della stagione: un&#8217;infinit\u00e0 di occasioni sprecate, di vantaggi buttati al vento. Fischi assordanti a fine partita di tutto lo stadio in finale come previsto e meritato.<\/p>\n<p>Ora compriamo 11 giocatori titolari che valgono almeno 6\/7 e qualcuno anche 10 per il prossimo anno e sar\u00e0 festa !<\/p>\n<p>Intanto liberi tutti per la squadra &#8230;. e speriamo in tutti i sensi in attesa di nuovi importanti e determinanti protagonisti in maglia rosanero. A loro in gni caso Buona fortuna !<\/p>\n<p>E per chiudere con un sorriso &#8230;.. Arrivederci tutti a Cagliari adesso con un pacchetto organizzato dalla PaleValtour &#8230;. non per i playout ma&#8230;. in vacanza !<\/p>\n<p style=\"text-align: center;\"><a href=\"http:\/\/www.rosanerosiamonoi.it\/palermocalcio\/2023\/01\/21\/palermo-bari-1-0-video\/palermo-logo-5\/\" rel=\"attachment wp-att-16382\"><img decoding=\"async\" loading=\"lazy\" class=\"aligncenter wp-image-16382\" src=\"http:\/\/www.rosanerosiamonoi.it\/palermocalcio\/wp-content\/uploads\/2023\/01\/palermo-logo.png\" alt=\"\" width=\"143\" height=\"121\" \/><\/a><\/p>\n<p><strong>PALERMO (3-5-2)<\/strong>\u00a0Pigliacelli ; Mateju , Nedelcearu , Bettella ; Buttaro\u00a0 (22\u2032 st Valente), Segre\u00a0 (29\u2032 st Saric ), Gomes (35 st Vido), Verre\u00a0 (35\u2032 st Broh ), Sala; Tutino\u00a0 (22\u2032 st Soleri ), Brunori .<\/p>\n<p>Allenatore: Corini<\/p>\n<p>A\u00a0 disposizione:\u00a0 Grotta, Massolo, Graves, Orihuela, Aurelio, Stulac, Damiani.<\/p>\n<p style=\"text-align: center;\"><a href=\"http:\/\/www.rosanerosiamonoi.it\/palermocalcio\/2023\/05\/20\/palermo-brescia-2-2-agnello-e-sugo-e-video\/brescia\/\" rel=\"attachment wp-att-16919\"><img decoding=\"async\" loading=\"lazy\" class=\"aligncenter size-full wp-image-16919\" src=\"http:\/\/www.rosanerosiamonoi.it\/palermocalcio\/wp-content\/uploads\/2023\/05\/brescia.jpg\" alt=\"\" width=\"134\" height=\"134\" srcset=\"https:\/\/www.rosanerosiamonoi.it\/palermocalcio\/wp-content\/uploads\/2023\/05\/brescia.jpg 134w, https:\/\/www.rosanerosiamonoi.it\/palermocalcio\/wp-content\/uploads\/2023\/05\/brescia-100x100.jpg 100w, https:\/\/www.rosanerosiamonoi.it\/palermocalcio\/wp-content\/uploads\/2023\/05\/brescia-50x50.jpg 50w\" sizes=\"(max-width: 134px) 100vw, 134px\" \/><\/a><\/p>\n<p><strong>BRESCIA (4-3-1-2)<\/strong>\u00a0Andrenacci 6.5; Karacic 6, Cistana 6.5, Mangraviti 6.5, Huard 7 (42\u2019 st Adorni 6); Bisoli 7, Labojko 6.5 (42\u2019 st Scavone 6), Bj\u00f6rkengren 7 (32\u2032 st Van de Looi 6); Adryan 5.5 (1\u2032 st Listkowski 6.5); Ay\u00e8 7 (23\u2032 st Bianchi 6), Rodriguez 7.5.<\/p>\n<p>Allenatore: Gastaldello 7<\/p>\n<p>A disposizione : Lezzerini, Muca, Ndoj, Niemeijer.<\/p>\n<p><strong>Arbitro:<\/strong>\u00a0Maresca di Napoli<\/p>\n<p><strong>RETI:<\/strong>\u00a04\u2019 Brunori, 41\u2019 Tutino, 54\u2032 Rodriguez, 56\u2032 Ay\u00e8<\/p>\n<p><strong>Note:<\/strong>\u00a0Angoli 5-2<\/p>\n<p><strong>Ammoniti:<\/strong>\u00a0Tutino, Sala, Andrenacci e Listkowski<\/p>\n<p>32.235 (19.612 biglietti venduti, 12.623 abbonati).<\/p>\n<p style=\"text-align: center;\"><a href=\"http:\/\/www.rosanerosiamonoi.it\/palermocalcio\/2022\/09\/19\/serie-b-risultati-classifica-e-prossimo-turno\/serie-b-logo-2022-23\/\" rel=\"attachment wp-att-15851\"><img decoding=\"async\" loading=\"lazy\" class=\"aligncenter size-full wp-image-15851\" src=\"http:\/\/www.rosanerosiamonoi.it\/palermocalcio\/wp-content\/uploads\/2022\/09\/serie-b-logo-2022-23.jpg\" alt=\"\" width=\"284\" height=\"178\" \/><\/a><\/p>\n<h4 style=\"text-align: center;\">Questi i risultati finali\u00a0della trentottesima e ultima giornata del campionato di serie B,<\/h4>\n<h4 style=\"text-align: center;\">che ha espresso gli ultimi verdetti della stagione regolare:<\/h4>\n<p><b>CITTADELLA &#8211; COMO\u00a0 \u00a00-0<\/b><\/p>\n<p><b>COSENZA &#8211; CAGLIARI\u00a0 \u00a0 0-1<\/b>\u00a0 \u00a0 (Lapadula)<\/p>\n<p><b>GENOA &#8211; BARI\u00a0 \u00a0 4-3\u00a0<\/b>\u00a0\u00a0 \u00a0(Sabelli, Gudmundsson,\u00a0Ekuban, Criscito (G), Esposito, Benedetti, Cheddira (B))<\/p>\n<p><b>MODENA \u2013 S\u00dcDTIROL\u00a0 \u00a0 2-1<\/b>\u00a0 \u00a0 \u00a0(Bonfanti, Magnino (M), Tait (S))<\/p>\n<p><b>PALERMO &#8211; BRESCIA\u00a0 \u00a0 2-2<\/b>\u00a0 \u00a0 (Brunori, Tutino (P), Rodriguez, Ay\u00e8 (B))<\/p>\n<p><b>PARMA \u2013 VENEZIA\u00a0 \u00a02-1<\/b>\u00a0 \u00a0 \u00a0(V\u00e1zquez, Camara\u00a0(P),\u00a0Pohjanpalo (V))<\/p>\n<p><b>PERUGIA &#8211; BENEVENTO\u00a0 3-2\u00a0<\/b>\u00a0\u00a0(Farias,\u00a0Ciano (B),\u00a0Lisi, Di Carmine, Kouan (P))<\/p>\n<p><b>PISA &#8211; SPAL\u00a0 \u00a01-2<\/b>\u00a0 \u00a0 (Celia,\u00a0Moncini (S), Tramoni M. (P))<\/p>\n<p><b>REGGINA &#8211; ASCOLI\u00a0 \u00a0 1-0\u00a0<\/b>\u00a0\u00a0 \u00a0 \u00a0(Canotto)<\/p>\n<p><b>TERNANA &#8211; FROSINONE\u00a0 \u00a0 2-3\u00a0<\/b>\u00a0\u00a0 (Garritano,\u00a0Lucioni, Kone (F), Favilli, Partipilo (T)<\/p>\n<p style=\"text-align: center;\"><a href=\"http:\/\/www.rosanerosiamonoi.it\/palermocalcio\/2023\/05\/20\/palermo-brescia-2-2-agnello-e-sugo-e-video\/classifica-serie-b\/\" rel=\"attachment wp-att-16923\"><img decoding=\"async\" loading=\"lazy\" class=\"aligncenter size-full wp-image-16923\" src=\"http:\/\/www.rosanerosiamonoi.it\/palermocalcio\/wp-content\/uploads\/2023\/05\/classifica-serie-B.jpg\" alt=\"\" width=\"275\" height=\"183\" srcset=\"https:\/\/www.rosanerosiamonoi.it\/palermocalcio\/wp-content\/uploads\/2023\/05\/classifica-serie-B.jpg 275w, https:\/\/www.rosanerosiamonoi.it\/palermocalcio\/wp-content\/uploads\/2023\/05\/classifica-serie-B-150x100.jpg 150w, https:\/\/www.rosanerosiamonoi.it\/palermocalcio\/wp-content\/uploads\/2023\/05\/classifica-serie-B-200x133.jpg 200w, https:\/\/www.rosanerosiamonoi.it\/palermocalcio\/wp-content\/uploads\/2023\/05\/classifica-serie-B-250x166.jpg 250w\" sizes=\"(max-width: 275px) 100vw, 275px\" \/><\/a><\/p>\n<p>&nbsp;<\/p>\n<h2 style=\"text-align: center;\"><b><\/b><u><b>LA CLASSIFICA AGGIORNATA:<\/b><\/u><\/h2>\n<h3><strong><span style=\"color: #0000ff;\">FROSINONE\u00a0 80<\/span><\/strong><\/h3>\n<h3><strong><span style=\"color: #0000ff;\">GENOA\u00a0 73*<\/span><\/strong><\/h3>\n<h3><strong><span style=\"color: #339966;\">Bari\u00a0 65<\/span><\/strong><\/h3>\n<h3><strong><span style=\"color: #339966;\">Parma\u00a0 \u00a060*<\/span><\/strong><\/h3>\n<h3><strong><span style=\"color: #3366ff;\">Cagliari\u00a0 60<\/span><\/strong><\/h3>\n<h3><strong><span style=\"color: #3366ff;\">Sudtirol\u00a0 58<\/span><\/strong><\/h3>\n<h3><strong><span style=\"color: #3366ff;\">Reggina\u00a0 50*<\/span><\/strong><\/h3>\n<h3><strong><span style=\"color: #3366ff;\">Venezia\u00a0 \u00a049<\/span><\/strong><\/h3>\n<h3><span style=\"color: #ff00ff;\">Palermo\u00a0 49<\/span><\/h3>\n<h3>Modena\u00a0 48<\/h3>\n<h3>Pisa\u00a0 47<\/h3>\n<h3>Ascoli\u00a0 \u00a0 47<\/h3>\n<h3>Como\u00a0 47<\/h3>\n<h3>Ternana\u00a0 43<\/h3>\n<h3>Cittadella\u00a0 \u00a043<\/h3>\n<h3><span style=\"color: #00ff00;\"><strong>Brescia\u00a0 \u00a0 40<\/strong><\/span><\/h3>\n<h3><span style=\"color: #00ff00;\"><strong>Cosenza\u00a0 40<\/strong><\/span><\/h3>\n<h3><strong><span style=\"color: #ff0000;\">Perugia\u00a0 \u00a039<\/span><\/strong><\/h3>\n<h3><strong><span style=\"color: #ff0000;\">Spal\u00a0 \u00a038<\/span><\/strong><\/h3>\n<h3><strong><span style=\"color: #ff0000;\">Benevento\u00a0 35<\/span><\/strong><\/h3>\n<p>*<b>PENALIZZAZIONI\u00a0<\/b>&#8211; Reggina -5, Genoa -1, Parma -1<\/p>\n<p>&nbsp;<\/p>\n<p style=\"text-align: center;\"><a href=\"http:\/\/www.rosanerosiamonoi.it\/palermocalcio\/2023\/05\/20\/palermo-brescia-2-2-agnello-e-sugo-e-video\/serie-b-pallone\/\" rel=\"attachment wp-att-16924\"><img decoding=\"async\" loading=\"lazy\" class=\"aligncenter wp-image-16924\" src=\"http:\/\/www.rosanerosiamonoi.it\/palermocalcio\/wp-content\/uploads\/2023\/05\/serie-b-pallone.jpeg\" alt=\"\" width=\"351\" height=\"197\" srcset=\"https:\/\/www.rosanerosiamonoi.it\/palermocalcio\/wp-content\/uploads\/2023\/05\/serie-b-pallone.jpeg 570w, https:\/\/www.rosanerosiamonoi.it\/palermocalcio\/wp-content\/uploads\/2023\/05\/serie-b-pallone-520x292.jpeg 520w\" sizes=\"(max-width: 351px) 100vw, 351px\" \/><\/a><\/p>\n<h2 style=\"text-align: center;\">I verdetti della regular season di Serie B<br \/>\nChiusa oggi la stagione regolare del campionato e questi i verdetti della Serie B 2022-2023.<\/h2>\n<h4 style=\"text-align: center;\"><strong><span style=\"color: #0000ff;\">Frosinone e Genoa in Serie A;<\/span><\/strong><br \/>\n<span style=\"color: #ff0000;\">Perugia, Spal e Benevento in Serie C;<\/span><br \/>\nAi Playoff <span style=\"color: #3366ff;\">Bari, Parma, Cagliari, Sudtirol, Reggina e Venezia<\/span>;<br \/>\n<span style=\"color: #00ff00;\">Brescia-Cosenza<\/span> \u00e8 il playout.<\/h4>\n<p>&nbsp;<\/p>\n<h2 style=\"text-align: center;\"><strong>Gli accoppiamenti dei playoff di Serie B<\/strong><\/h2>\n<h3 style=\"text-align: center;\"><strong>Bari e Parma sono gi\u00e0 in semifinale. I due preliminari dei playoff sono: Sudtirol-Reggina e Cagliari-Venezia. Le squadre che giocheranno in casa avranno un vantaggio in virt\u00f9 della posizione di classifica.<\/strong><\/h3>\n<p style=\"text-align: center;\">Turno preliminare: <strong>Sudtirol-Reggina, Cagliari-Venezia<\/strong>;<\/p>\n<p style=\"text-align: center;\">Semifinali: <strong>Parma-Cagliari\/Venezia; Bari-Sudtirol\/Reggina.<\/strong><\/p>\n<p>&nbsp;<\/p>\n<p>PS. Grazie a tutti quelli che hanno capito subito , come hanno dimostrato i fatti,\u00a0 che eravamo gli unici a dire la verit\u00e0 ed essere onesti come sempre con i tifosi e grazie, e siete tantissimi, anche a quelli che lo hanno capito piano piano\u00a0 ma siete stati onesti ad ammettere, anche dopo, che avevamo ragione uno dei quali \u00e8 un mio amico carissimo , che mi dispiaceva che non mi credesse , e che ieri ha detto ad un altro caro amico &#8220;Ma allora aveva veramente ragione Mario!&#8221;.<\/p>\n<p>Grazie , Buona Estate e Forza Palermo !<\/p>\n<p>&nbsp;<\/p>\n<p>&nbsp;<\/p>\n<p>&nbsp;<\/p>\n","protected":false},"excerpt":{"rendered":"<p>PALERMO-BRESCIA 2-2 RETI:\u00a04\u2019 Brunori, 41\u2019 Tutino, 54\u2032 Rodriguez, 56\u2032 Ay\u00e8 &nbsp; Almeno per noi finisce tutto come avevamo previsto visto che per andare in serie A serve un organico vero , con giocatori di valore di categoria e forti in ogni reparto come abbiamo scritto, vanamente ascoltati, e con esperienza e qualit\u00e0 per fare la [&hellip;]<\/p>\n","protected":false},"author":2,"featured_media":16922,"comment_status":"closed","ping_status":"open","sticky":false,"template":"","format":"standard","meta":[],"categories":[43,10,35,1,6,44],"tags":[4733,4730,277,4734,1128,4731,209,4735,4732,4729,6,4163],"_links":{"self":[{"href":"https:\/\/www.rosanerosiamonoi.it\/palermocalcio\/wp-json\/wp\/v2\/posts\/16918"}],"collection":[{"href":"https:\/\/www.rosanerosiamonoi.it\/palermocalcio\/wp-json\/wp\/v2\/posts"}],"about":[{"href":"https:\/\/www.rosanerosiamonoi.it\/palermocalcio\/wp-json\/wp\/v2\/types\/post"}],"author":[{"embeddable":true,"href":"https:\/\/www.rosanerosiamonoi.it\/palermocalcio\/wp-json\/wp\/v2\/users\/2"}],"replies":[{"embeddable":true,"href":"https:\/\/www.rosanerosiamonoi.it\/palermocalcio\/wp-json\/wp\/v2\/comments?post=16918"}],"version-history":[{"count":5,"href":"https:\/\/www.rosanerosiamonoi.it\/palermocalcio\/wp-json\/wp\/v2\/posts\/16918\/revisions"}],"predecessor-version":[{"id":16929,"href":"https:\/\/www.rosanerosiamonoi.it\/palermocalcio\/wp-json\/wp\/v2\/posts\/16918\/revisions\/16929"}],"wp:featuredmedia":[{"embeddable":true,"href":"https:\/\/www.rosanerosiamonoi.it\/palermocalcio\/wp-json\/wp\/v2\/media\/16922"}],"wp:attachment":[{"href":"https:\/\/www.rosanerosiamonoi.it\/palermocalcio\/wp-json\/wp\/v2\/media?parent=16918"}],"wp:term":[{"taxonomy":"category","embeddable":true,"href":"https:\/\/www.rosanerosiamonoi.it\/palermocalcio\/wp-json\/wp\/v2\/categories?post=16918"},{"taxonomy":"post_tag","embeddable":true,"href":"https:\/\/www.rosanerosiamonoi.it\/palermocalcio\/wp-json\/wp\/v2\/tags?post=16918"}],"curies":[{"name":"wp","href":"https:\/\/api.w.org\/{rel}","templated":true}]}}