{"id":8381,"date":"2018-07-14T11:54:05","date_gmt":"2018-07-14T09:54:05","guid":{"rendered":"http:\/\/www.rosanerosiamonoi.it\/palermocalcio\/?p=8381"},"modified":"2018-07-14T12:30:56","modified_gmt":"2018-07-14T10:30:56","slug":"8381","status":"publish","type":"post","link":"https:\/\/www.rosanerosiamonoi.it\/palermocalcio\/2018\/07\/14\/8381\/","title":{"rendered":"Da stasera parte il ritiro del Palermo a Sappada."},"content":{"rendered":"<p style=\"text-align: center;\"><a href=\"http:\/\/www.rosanerosiamonoi.it\/palermocalcio\/2018\/07\/14\/8381\/sappada-campo\/\" rel=\"attachment wp-att-8382\"><img decoding=\"async\" loading=\"lazy\" class=\"aligncenter size-medium wp-image-8382\" src=\"http:\/\/www.rosanerosiamonoi.it\/palermocalcio\/wp-content\/uploads\/2018\/07\/sappada-campo-520x143.png\" alt=\"sappada-campo\" width=\"520\" height=\"143\" srcset=\"https:\/\/www.rosanerosiamonoi.it\/palermocalcio\/wp-content\/uploads\/2018\/07\/sappada-campo-520x143.png 520w, https:\/\/www.rosanerosiamonoi.it\/palermocalcio\/wp-content\/uploads\/2018\/07\/sappada-campo-768x211.png 768w, https:\/\/www.rosanerosiamonoi.it\/palermocalcio\/wp-content\/uploads\/2018\/07\/sappada-campo-1024x282.png 1024w, https:\/\/www.rosanerosiamonoi.it\/palermocalcio\/wp-content\/uploads\/2018\/07\/sappada-campo-300x83.png 300w, https:\/\/www.rosanerosiamonoi.it\/palermocalcio\/wp-content\/uploads\/2018\/07\/sappada-campo.png 1349w\" sizes=\"(max-width: 520px) 100vw, 520px\" \/><\/a><\/p>\n<p style=\"text-align: justify;\">Il Palermo riparte da Sappada. La squadra rosanero sosterr\u00e0 la preparazione estiva nella localit\u00e0 friulana dal 15 al 28 luglio. Questa sera il gruppo si raduner\u00e0 a Sappada per iniziare\u00a0domani mattina gli allenamenti con una doppia seduta. Al termine del ritiro in Friuli i rosanero rientreranno in citt\u00e0 per proseguire gli allenamenti al Tenente Onorato di Boccadifalco. Il programma delle amichevoli in Friuli del ritiro verr\u00e0 comunicato successivamente.<\/p>\n<p style=\"text-align: justify;\">Nel gruppo dei convocati che\u00a0verr\u00e0 comunicato oggi (il raduno \u00e8 previsto per questa sera entro le 20,30 nell\u2019albergo di Sappada)\u00a0presente fortunatamente e meritatamente una numerosa rappresentanza siciliana\u00a0a partire da due certezze, pronte\u00a0anche per la serie A,<strong>Accardi e Fiordilino<\/strong>, che si sono messi in evidenza , con pregevoli prestazioni gi\u00e0 nella stagione scorsa.<\/p>\n<p style=\"text-align: justify;\">Ma spazio anche agli emergenti che sono le promesse pi\u00f9 interessanti della Primavera di Scurto (Ambro, Gallo, Santoro e Rizzo)nonch\u00e8 al centrale difensivo Pirrello che ha vinto il campionato a Livorno.<\/p>\n<p style=\"text-align: justify;\">Importanti per il Palermo oggi due ritorni &#8230;. quelli di due giovani calciatori considerati giustamente dei \u201cgolden boys\u201d della cantera rosanero che cercano la loro occasione per\u00a0affermarsi definitivamente nella massima serie e che per\u00f2\u00a0al momento sono\u00a0frenati da problemi fisici:il primo andr\u00e0 in ritiro ed \u00e8 <strong>Simone Lo Faso<\/strong>, in ripresa dopo una frattura al perone sinistro, mentre non ci sar\u00e0 <strong>Accursio Bentivegna<\/strong>, fermato da una lesione ad una spalla ed \u00e8 indisponibile almeno fino a settembre.<\/p>\n<p style=\"text-align: justify;\">Speriamo che, in attesa di conoscere se finalmente ci verr\u00e0 fatta giustizia e ci verr\u00e0 restituita la serie A rubataci fraudolentemente e con comportamenti sleali ed antisportivi, da parte della societ\u00e0 non si facciamo acquisti a meno che non sia utili anche per la massima serie &#8230; che ripetiamo solo perseverando nel truccare le carte ed in maniera fraudolenta pu\u00f2 non esserci riconosciuta.<\/p>\n<p style=\"text-align: justify;\">\n","protected":false},"excerpt":{"rendered":"<p>Il Palermo riparte da Sappada. La squadra rosanero sosterr\u00e0 la preparazione estiva nella localit\u00e0 friulana dal 15 al 28 luglio. Questa sera il gruppo si raduner\u00e0 a Sappada per iniziare\u00a0domani mattina gli allenamenti con una doppia seduta. Al termine del ritiro in Friuli i rosanero rientreranno in citt\u00e0 per proseguire gli allenamenti al Tenente Onorato [&hellip;]<\/p>\n","protected":false},"author":2,"featured_media":8382,"comment_status":"closed","ping_status":"open","sticky":false,"template":"","format":"standard","meta":[],"categories":[7,28,1,5,6],"tags":[1084,1215,1217,1216,5,6],"_links":{"self":[{"href":"https:\/\/www.rosanerosiamonoi.it\/palermocalcio\/wp-json\/wp\/v2\/posts\/8381"}],"collection":[{"href":"https:\/\/www.rosanerosiamonoi.it\/palermocalcio\/wp-json\/wp\/v2\/posts"}],"about":[{"href":"https:\/\/www.rosanerosiamonoi.it\/palermocalcio\/wp-json\/wp\/v2\/types\/post"}],"author":[{"embeddable":true,"href":"https:\/\/www.rosanerosiamonoi.it\/palermocalcio\/wp-json\/wp\/v2\/users\/2"}],"replies":[{"embeddable":true,"href":"https:\/\/www.rosanerosiamonoi.it\/palermocalcio\/wp-json\/wp\/v2\/comments?post=8381"}],"version-history":[{"count":6,"href":"https:\/\/www.rosanerosiamonoi.it\/palermocalcio\/wp-json\/wp\/v2\/posts\/8381\/revisions"}],"predecessor-version":[{"id":8388,"href":"https:\/\/www.rosanerosiamonoi.it\/palermocalcio\/wp-json\/wp\/v2\/posts\/8381\/revisions\/8388"}],"wp:featuredmedia":[{"embeddable":true,"href":"https:\/\/www.rosanerosiamonoi.it\/palermocalcio\/wp-json\/wp\/v2\/media\/8382"}],"wp:attachment":[{"href":"https:\/\/www.rosanerosiamonoi.it\/palermocalcio\/wp-json\/wp\/v2\/media?parent=8381"}],"wp:term":[{"taxonomy":"category","embeddable":true,"href":"https:\/\/www.rosanerosiamonoi.it\/palermocalcio\/wp-json\/wp\/v2\/categories?post=8381"},{"taxonomy":"post_tag","embeddable":true,"href":"https:\/\/www.rosanerosiamonoi.it\/palermocalcio\/wp-json\/wp\/v2\/tags?post=8381"}],"curies":[{"name":"wp","href":"https:\/\/api.w.org\/{rel}","templated":true}]}}