{"id":8560,"date":"2018-08-01T10:07:31","date_gmt":"2018-08-01T08:07:31","guid":{"rendered":"http:\/\/www.rosanerosiamonoi.it\/palermocalcio\/?p=8560"},"modified":"2018-08-01T13:36:06","modified_gmt":"2018-08-01T11:36:06","slug":"giammarva-grazie-ai-tifosi-per-laccoglienza","status":"publish","type":"post","link":"https:\/\/www.rosanerosiamonoi.it\/palermocalcio\/2018\/08\/01\/giammarva-grazie-ai-tifosi-per-laccoglienza\/","title":{"rendered":"Giammarva:&#8221;Grazie ai tifosi per l&#8217;accoglienza!&#8221; &#8211; VIDEO"},"content":{"rendered":"<p style=\"text-align: center;\"><a href=\"http:\/\/www.rosanerosiamonoi.it\/palermocalcio\/2014\/04\/14\/presente-io-cero-trapani-palermo-0-1\/stadio-palermo-tifosi-molto-bella\/\" rel=\"attachment wp-att-2702\"><img decoding=\"async\" loading=\"lazy\" class=\"aligncenter size-full wp-image-2702\" src=\"http:\/\/www.rosanerosiamonoi.it\/palermocalcio\/wp-content\/uploads\/2014\/04\/stadio-palermo-tifosi-molto-bella.jpg\" alt=\"stadio palermo tifosi molto bella\" width=\"290\" height=\"174\" \/><\/a><\/p>\n<p style=\"text-align: justify;\">Bagno di folla per il primo allenamento del Palermo alla Favorita oggi Barbera. Canti e cori di sostegno e di incitamento hanno accompagnato questa prima uscita dei rosanero che vede nelle sue fila , quest&#8217;anno, anche molti picciotti.<\/p>\n<p style=\"text-align: justify;\">Nel nostro servizio le interviste al Presidente del Palermo, Giovanni Giammarva ed alcuni tifosi storici del Palermo Katia, Ninni ed Arianna.<\/p>\n<p style=\"text-align: justify;\">Grande attesa, intanto, per il ricorso contro le sentenze &#8220;fantasiose&#8221; di Parma e Frosinone che sono state riconosciute entrambe colpevoli o responsabili di avere messo in atto comportamenti illeciti\u00a0 e condannate per questo\u00a0 ma poi &#8220;miracolosamente ed illegalmente salvate&#8221; da una sentenza che alla fine in maniera fuori legge sposta l&#8217;applicazione della pena non come previsto dalle norme e leggi federali nella stagione in corso con la conseguente e corretta e giustamente puntiva ed afflittiva nella stagione in corso , il 2017-18, anno in cui sono avvenuti gli illeciti ma alla stagione che deve ancora iniziare quella seguente il 2018-19 non dice questo la norma nel caso. come in realt\u00e0 \u00e8, della pena di -5 punti comminata che \u00e8 evidentemente e chiaramente afflittiva nella stagione sportiva in corso e quindi palesemente efficace.<\/p>\n<p style=\"text-align: justify;\"><strong>art.18 g) penalizzazione di uno o pi\u00f9 punti in classifica; la penalizzazione sul punteggio, che si appalesi inefficace nella stagione sportiva in corso, pu\u00f2 essere fatta scontare, in tutto o in parte, nella stagione sportiva seguente;<\/strong><\/p>\n<p style=\"text-align: justify;\">Un obbrobrio giuridico messo in atto in maniera illegale ed illecita e che per questo andrebbe punito come ulteriore comportamento illecito ed illegale oltre che sleale ed antisportivo messo in atto proprio da parte di chi al contrario la legge dovrebbe appplicarla e non oltraggiarla inventando regole e o norme che non esistono in diritto , a questo punto , come \u00e8 opinione, ormai generale da parte non solo dei tifosi del Palermo, che potrebbero essere di parte, ma anche di tutti i tifosi italiani rimasti scioccati e disgustati da quanto messo in atto da Parma e Frosinone &#8230;. e quello fatto dalla In-Giustizia sportiva e per questo basta andare su You Tube e cercare\u00a0 con &#8220;che schifo o vergogna Parma e Frosinone&#8221; per avere una conferma se quanto affermiamo non \u00e8 il sentimento popolare dei tifosi italiani.<\/p>\n<p style=\"text-align: justify;\"><strong>Caso Frosinone la legge inapplicata dice :<\/strong><\/p>\n<p style=\"text-align: justify;\"><strong>Art. 17 Sanzioni inerenti alla disputa delle gare<\/strong><\/p>\n<p style=\"text-align: justify;\">1. La societ\u00e0 ritenuta responsabile, anche oggettivamente, di fatti o situazioni che abbiano influito sul regolare svolgimento di una gara o che ne abbiano impedito la regolare effettuazione, <strong>\u00e8 punita con la perdita della gara stessa con il punteggio di 0\u20103<\/strong>, ovvero 0\u20106 per le gare di calcio a cinque, o con il punteggio eventualmente conseguito sul campo dalla squadra avversaria, se a questa pi\u00f9 favorevole, fatta salva l\u2019applicazione di ulteriori e diverse sanzioni per la violazione dell\u2019art. 1 bis, comma 1.<\/p>\n<p style=\"text-align: justify;\"><strong>Caso Parma le legge inapplicata dice :<\/strong><\/p>\n<p style=\"text-align: justify;\"><strong>Art. 18 Sanzioni a carico delle societ\u00e0<\/strong><\/p>\n<p style=\"text-align: justify;\">g) penalizzazione di uno o pi\u00f9 punti in classifica; <strong>la penalizzazione sul punteggio, che si appalesi inefficace nella stagione sportiva in corso,<\/strong> pu\u00f2 essere fatta scontare, in tutto o in parte, nella stagione sportiva seguente;<\/p>\n<p style=\"text-align: justify;\">E&#8217; superfluo sottolineare che i -5 punti con la conseguente retrocessione del Parma in B e promozione del Palermo che rispetta le leggi \u00e8 la conseguenza logica alla prima parte della sentenza che riconosce l&#8217;avvenuto tentato illecito con squalifica di Calai\u00f2 e sottolneando la stranezza che Ceravolo <strong>&#8220;guarda caso&#8221;<\/strong> ma proprio <strong>&#8220;guarda caso&#8221;<\/strong> ha perso il telefonino incriminato, contenente altri sms inviati a giocatori dello Spezia, proprio il giorno della sua audizione alla Procura federale sportiva &#8230; ma bastano gli sms di Calai\u00f2 denunciati dai\u00a0giocatori e lo Spezia a dimostra il tentato illecito sportivo anche se ormai gira il sospetto che possano esserci stati altri contatti andati in porto e che hanno portato al rigore sbagliato, &#8220;guarda caso&#8221; dall&#8217;ex del Parma Gilardino ed una partita vinta <strong>&#8220;guarda caso&#8221;<\/strong>, proprio dal Parma fra le proteste della stessa tifoseria ligure.<\/p>\n<p style=\"text-align: justify;\">E <strong>&#8220;guarda caso&#8221;<\/strong> il Foggia pareggiava in casa con il Frosinone\u00a0 e permettevano <strong>&#8220;guarda caso&#8221;<\/strong> al Parma con questa vittoria di andare in A ed i ciociari a disputare i playoff con il Palermo <strong>&#8220;guarda caso&#8221;<\/strong> arbitrata a Frosinone dal signor La Penna che\u00a0\u00a0<strong>&#8220;guarda caso&#8221; abita nella stessa Regione a Roma\u00a0 e che sembra avere ommesso di scrivere nel foglio notizie i suoi legami con la famiglia\u00a0Stirpe\u00a0proprietaria del Frosinone &#8220;guarda caso&#8221;\u00a0<\/strong>e che gi\u00e0 nella partita d&#8217;andata a Frosione ,<strong>&#8220;guarda caso&#8221;<\/strong> aveva annullato all&#8217;81\u00b0 un gol regolare a Rispoli e che per questo\u00a0 fin\u00ec poi 0-0 ed i due punti mancanti <strong>&#8220;guarda caso&#8221;<\/strong> sarebbero stati sufficienti ad ottenere al Palermo la promozione diretta.<\/p>\n<p style=\"text-align: justify;\">La scelta di un arbitro\u00a0possiamo dire secondo il regolamento Aia <strong>&#8220;guarda caso<\/strong>&#8221; <strong>sicuramente inappropriata<\/strong>\u00a0perch\u00e8 o lui ha omesso di dichiare le verit\u00e0 nel foglio notizie od a questo punto \u00e8 l&#8217;Aia ad avere scavalcato le sue regole e dovrebbe spiegare per quale motivo ed interesse,\u00a0 come vedete in ogni caso una responsabilt\u00e0 ed una regia diretta, o l&#8217;uno o l&#8217;altro o peggio ancora entrambe, ed a questa domanda ci piacerebbe che qualcuno ci desse una risposta , ha alla fine consentito che in molti, ma davvero tanti si siano dati alla fine una risposta sul fatto che\u00a0<strong>&#8220;guarda caso&#8221;<\/strong>\u00a0che sia stao quello giusto affich\u00e8 questi avesse delle amnesie e <strong>&#8220;guarda caso&#8221;<\/strong> omettesse od edulcorasse i comportamenti avvenuti\u00a0 illeciti\u00a0, sleali\u00a0, antisportivi ed illegali trincerandosi come si pu\u00f2 leggere dietro il detto tipico <strong>&#8220;guarda caso&#8221;<\/strong> dei mafiosi <strong>&#8220;Non vedo, non sento &#8230; non parlo !!!&#8221;. Ma allora chi era quello che correva in mezzo al campo con il fischietto ?<\/strong><\/p>\n<p style=\"text-align: justify;\">Noi eravamo a Frosinone e siamo testimoni come sono decisive e chiarificatrici le immagini trasmesse e che sono registrate che quanto ha scritto non corrispone a quanto di sleale ed antisportivo \u00e8 stato messo in atto per vincere la partita con il Palermo in ogni caso ed in ogni modo &#8230;<\/p>\n<p style=\"text-align: justify;\">E molti ci chiedono : &#8220;e quel che succede dopo cos&#8217;\u00e8\u00a0<strong>&#8220;guarda caso&#8221;<\/strong> il premio alla partita pareggiata a Foggia ?&#8221;<\/p>\n<p style=\"text-align: justify;\">Questa \u00e8 ormai la domanda ricorrente insieme alle tante altre compresa la promozione dell&#8217;arbitro &#8220;incapace e miope&#8221; come lui stesso ha acclarato di essere omettendo di scrivere i fatti come realmente accaduti , fra l&#8217;altro <strong>&#8220;guarda caso&#8221; cosa fa l&#8217;Aia ? invece di radiarlo,\u00a0chiarendo la propria estraneit\u00e0 ai fatti,\u00a0 per la vergogna , talmente sono clamorosi gli errori (vedi rigore dato e poi spostato a punizione fuori area, lancio dei palloni, invasione di campo che \u00e8 anche un reato e partita mai conclusa nei tempi regolamentari come da ulteriore prolunganento della gara e minuti mai disputati, pestaggio sistematico dei giocatori del Palermo, ad ogni fallo per il Frosinone giocatori quasi morti od in coma con conseguente perdita di tempo senza vergogna) tutto permesso dall&#8217;arbitro e frutto di\u00a0una infinit\u00e0 poi di inesattezze ed omissioni che\u00a0sono servite\u00a0ad emettere una sentenza pilotata verso una sola direzione la vittoria del Frosinone, come dicevamo sapete l&#8217;Aia cosa f\u00e0 &#8230;lo promuove ad arbitro in serie A.<\/strong><\/p>\n<p style=\"text-align: justify;\">Ma <strong>&#8220;guarda caso&#8221; cos&#8217;\u00e8 stato un premio ad essere stato bravo non ad arbitrare bene e correttamente ma ad arbitrare a senso unico a favore di una sola squadra e chi glielo ha suggerito ?\u00a0<\/strong><\/p>\n<p style=\"text-align: center;\"><a href=\"http:\/\/www.rosanerosiamonoi.it\/palermocalcio\/2018\/08\/01\/giammarva-grazie-ai-tifosi-per-laccoglienza\/tifose-rosanero\/\" rel=\"attachment wp-att-8567\"><img decoding=\"async\" loading=\"lazy\" class=\"aligncenter size-medium wp-image-8567\" src=\"http:\/\/www.rosanerosiamonoi.it\/palermocalcio\/wp-content\/uploads\/2018\/08\/tifose-rosanero-520x390.jpg\" alt=\"tifose-rosanero\" width=\"520\" height=\"390\" srcset=\"https:\/\/www.rosanerosiamonoi.it\/palermocalcio\/wp-content\/uploads\/2018\/08\/tifose-rosanero-520x390.jpg 520w, https:\/\/www.rosanerosiamonoi.it\/palermocalcio\/wp-content\/uploads\/2018\/08\/tifose-rosanero-768x576.jpg 768w, https:\/\/www.rosanerosiamonoi.it\/palermocalcio\/wp-content\/uploads\/2018\/08\/tifose-rosanero-300x225.jpg 300w, https:\/\/www.rosanerosiamonoi.it\/palermocalcio\/wp-content\/uploads\/2018\/08\/tifose-rosanero.jpg 960w\" sizes=\"(max-width: 520px) 100vw, 520px\" \/><\/a><\/p>\n<p style=\"text-align: justify;\"><strong>Una vera e propria associazione a delinquere di stampo mafioso<\/strong> che ha visto mettere la sua ciliegina sulla torta con la terza sentenza scandalo quella relativa al Chievo che vede interessate anche il Crotone olre che il Palermo.<\/p>\n<p style=\"text-align: justify;\"><strong>&#8220;Guarda caso&#8221;<\/strong> si dimenticano di sentire proprio il Presidente del Chievo, Campedelli, ma <strong>&#8220;guarda caso&#8221;<\/strong> in questa Procura Federale sono proprio dei &#8220;distratti&#8221; e grazie a questo vizio di forma Chievo per ora salvo <strong>&#8220;guarda caso<\/strong>&#8221; per vizio di forma e tutto rimandato indietro per completare le indagini ma <strong>&#8220;guarda caso&#8221;. tutto costruito anche qui ad arte ? <\/strong>Ma nessuno della Procura Penale ordinaria ancora pensa di intervenire per togliere questi logici dubbi?<\/p>\n<p style=\"text-align: justify;\"><strong>E l&#8217;ultima barzelletta sapete qual&#8217;\u00e8 ?<\/strong> sapete se oggi Campedelli, l&#8217;inascoltato, si presenter\u00e0 o <strong>&#8220;guarda caso&#8221;<\/strong> cercher\u00e0 di fare perdere ancora tempo e rinviare alle calende greche questo processo ? Vediamo chi indovina ? Bene ha indovinato chi <strong>&#8220;guarda caso&#8221;<\/strong> ha previsto che il presidente del Chievo,<strong>\u00a0Luca Campedelli,\u00a0<\/strong>non si presenter\u00e0 all\u2019audizione sulla questione delle plusvalenze fittizie in programma oggi con la Procura della FIGC.\u00a0Il numero uno del club ha giustificato la sua assenza attraverso un certificato medico e non potr\u00e0, dunque, fornire nei tempi richiesti la sua versione dei fatti. Ma<strong> &#8220;guarda caso&#8221; !!!<\/strong><\/p>\n<p style=\"text-align: justify;\">Che splendida regia dietro tutto questo che parte dai titoli d&#8217;apertura del film <strong>&#8220;Come applicare l&#8217;in-giustizia , truccare le carte e punire gli onesti !!!&#8221;<\/strong><\/p>\n<p style=\"text-align: justify;\">Non so rispondere alla domanda che ci fate in tanti come mai le Procure penali di tutta Italia ancora non abbiano fatto scattere le manette per tutti i reponsabili di queste frodi, truffe, illeciti od illegalit\u00e0 messe in atto\u00a0 che gi\u00e0 la Procura federale ha comunque ammesso che siano state messe in atto ma poi entrando loro stessi in quel mondo di ingiustizia inventandosi un&#8217;applicazione della pena in forma non prevista dalla legge e quindi fuori legge e diventando <strong>&#8220;guarda caso&#8221;<\/strong> anche loro responsabili doppi visto che sono proprio quelli che al contrario la legge avrebbero dovuto applicarla.<\/p>\n<p style=\"text-align: justify;\"><strong>Ora si chiede solo che si applichino norme e leggi onestamente e correttamente e per il Palermo sar\u00e0 serie A certamente 2 volte e magari 3 &#8230; visto che \u00e8 anche con il Chievo \u00e8 parte interessata ed \u00e8 sato ammesso al processo. <\/strong><\/p>\n<p style=\"text-align: justify;\"><strong>O &#8220;guarda caso&#8221; chiedere che venga applicata la giustizia in maniera corretta ed onesta \u00e8 solo degli illusi e dei fessi ?<\/strong><\/p>\n<p style=\"text-align: justify;\"><iframe loading=\"lazy\" src=\"https:\/\/www.youtube.com\/embed\/z21G3N08V78\" width=\"656\" height=\"408\" frameborder=\"0\" allowfullscreen=\"allowfullscreen\"><\/iframe><\/p>\n","protected":false},"excerpt":{"rendered":"<p>Bagno di folla per il primo allenamento del Palermo alla Favorita oggi Barbera. Canti e cori di sostegno e di incitamento hanno accompagnato questa prima uscita dei rosanero che vede nelle sue fila , quest&#8217;anno, anche molti picciotti. Nel nostro servizio le interviste al Presidente del Palermo, Giovanni Giammarva ed alcuni tifosi storici del Palermo [&hellip;]<\/p>\n","protected":false},"author":2,"featured_media":3434,"comment_status":"closed","ping_status":"open","sticky":false,"template":"","format":"standard","meta":[],"categories":[7,28,1,5,6],"tags":[1284,1273,1279,1283,1281,1285,1280,1282,1245,1246],"_links":{"self":[{"href":"https:\/\/www.rosanerosiamonoi.it\/palermocalcio\/wp-json\/wp\/v2\/posts\/8560"}],"collection":[{"href":"https:\/\/www.rosanerosiamonoi.it\/palermocalcio\/wp-json\/wp\/v2\/posts"}],"about":[{"href":"https:\/\/www.rosanerosiamonoi.it\/palermocalcio\/wp-json\/wp\/v2\/types\/post"}],"author":[{"embeddable":true,"href":"https:\/\/www.rosanerosiamonoi.it\/palermocalcio\/wp-json\/wp\/v2\/users\/2"}],"replies":[{"embeddable":true,"href":"https:\/\/www.rosanerosiamonoi.it\/palermocalcio\/wp-json\/wp\/v2\/comments?post=8560"}],"version-history":[{"count":9,"href":"https:\/\/www.rosanerosiamonoi.it\/palermocalcio\/wp-json\/wp\/v2\/posts\/8560\/revisions"}],"predecessor-version":[{"id":8570,"href":"https:\/\/www.rosanerosiamonoi.it\/palermocalcio\/wp-json\/wp\/v2\/posts\/8560\/revisions\/8570"}],"wp:featuredmedia":[{"embeddable":true,"href":"https:\/\/www.rosanerosiamonoi.it\/palermocalcio\/wp-json\/wp\/v2\/media\/3434"}],"wp:attachment":[{"href":"https:\/\/www.rosanerosiamonoi.it\/palermocalcio\/wp-json\/wp\/v2\/media?parent=8560"}],"wp:term":[{"taxonomy":"category","embeddable":true,"href":"https:\/\/www.rosanerosiamonoi.it\/palermocalcio\/wp-json\/wp\/v2\/categories?post=8560"},{"taxonomy":"post_tag","embeddable":true,"href":"https:\/\/www.rosanerosiamonoi.it\/palermocalcio\/wp-json\/wp\/v2\/tags?post=8560"}],"curies":[{"name":"wp","href":"https:\/\/api.w.org\/{rel}","templated":true}]}}